{"id":1003,"date":"2016-05-02T08:45:09","date_gmt":"2016-05-02T06:45:09","guid":{"rendered":"http:\/\/localhost\/christenverfolgung\/waffenruhe-gilt-faktisch-nicht-mehr-html\/"},"modified":"2023-02-23T11:39:52","modified_gmt":"2023-02-23T10:39:52","slug":"waffenruhe-gilt-faktisch-nicht-mehr-html","status":"publish","type":"post","link":"https:\/\/www.kircheinnot.at\/christenverfolgung\/waffenruhe-gilt-faktisch-nicht-mehr-html\/","title":{"rendered":"\u201eWaffenruhe gilt faktisch nicht mehr\u201c"},"content":{"rendered":"<p><span style=\"font-size: 13.008px; line-height: 1.538em;\">\u201eDie Waffenruhe gilt faktisch nicht mehr.\u201c Das berichtete der chald\u00e4isch-katholische Bischof von Aleppo, Antoine Audo, gegen\u00fcber dem weltweiten katholischen Hilfswerk \u201eKirche in Not\u201c. In der nordsyrischen Stadt verst\u00e4rkten sich seit Mitte April erneut die K\u00e4mpfe zwischen Regierungs- und Rebellengruppen. \u201eDie Lage der Menschen ist verheerend. Es gibt viele Tote und Verletzte\u201c, sagte Audo.&nbsp;<\/span><\/p>\n<p><span> Teile Aleppos w\u00fcrden von K\u00e4mpfern des sogenannten \u201eIslamischen Staates\u201c und der Al-Nusra-Front kontrolliert. \u201eSie wollen durch Beschuss Angst und Schrecken verbreiten. Das sind aus dem Ausland finanzierte Gruppen. Sie kommen nicht aus Syrien.\u201c Diese Unterscheidung ist dem Bischof wichtig, denn zwischen Christen und Muslimen in Aleppo best\u00fcnden jahrzehntelange gute Beziehungen. Angesichts des Krieges h\u00e4tten diese sich sogar noch gefestigt: \u201eDie Muslime akzeptieren uns wegen unserer karitativen Arbeit. Wir helfen ohne Ansehen der Religion.\u201c <\/p>\n<p> Mit gro\u00dfer Sorge blickt der Bischof auf seine Gemeinden. \u201eWenn die K\u00e4mpfe weitergehen, werden noch mehr Christen Aleppo verlassen\u201c, erkl\u00e4rte Audo. Vor Ausbruch des Krieges im Jahr 2011 h\u00e4tten rund 150000 Christen verschiedener Konfessionen in Aleppo gelebt. Zwei Drittel von ihnen seien bereits geflohen. \u201eZur\u00fcckgeblieben sind vor allem die \u00c4rmsten der Armen und die Alten. Ihre Situation ist besorgniserregend. Um sie k\u00fcmmern wir uns jetzt \u2013 auch dank der Hilfe von ,Kirche in Not\u2018.\u201c <\/p>\n<p> Die Ordensfrau Annie Demerjian versucht, der Not der Menschen so gut es geht abzuhelfen. Sie hat eine Kleiderkammer eingerichtet und verteilt mit ihren Mitschwestern von der \u201eGemeinschaft Jesu und Mariens\u201c Lebensmittel und Medikamente. Jetzt kommt wieder die Sorge um die Toten und Verwundeten hinzu. \u201eNeulich sind beim Beschuss auf ein Wohnviertel 17 Menschen get\u00f6tet worden \u2013 darunter sechs Kinder\u201c, so Demerjian. Dazu k\u00e4men unz\u00e4hlige Verletzte: \u201eEine meiner Helferinnen war geschockt, als sie den Transport so vieler Verwundeter sah.\u201c <\/p>\n<p> Sie habe wie viele Einwohner Aleppos gehofft, dass der Waffenstillstand der Anfang vom Ende des Krieges sei. Doch diese Hoffnungen seien zerst\u00f6rt. \u201eEs ist derzeit so schlimm wie lange nicht mehr. Hunderte Bomben und Raketen gehen nieder. Zuletzt hatten wir so harte K\u00e4mpfe an Ostern 2015\u201c, sagte Schwester Annie. <\/p>\n<p> Die Situation zerm\u00fcrbe die Menschen k\u00f6rperlich wie psychisch. \u201eSie k\u00f6nnen nicht mehr und haben das Gef\u00fchl, das jetzt alles wieder von vorn losgeht. Das macht die Menschen traurig und w\u00fctend.\u201c Sie habe k\u00fcrzlich mit einem orthodoxen Christen gesprochen, so Demerjian. Mit Blick auf das orthodoxe Osterfest am 01. Mai habe er zu ihr gesagt: \u201e\u00dcberall auf der Welt bekommen die Kinder zu Ostern Geschenke. Hier bekommen sie S\u00e4rge.\u201c Es sei unendlich traurig, so etwas h\u00f6ren zu m\u00fcssen. <\/p>\n<p> \u201eKirche in Not\u201c steht den Christen Aleppos solidarisch zur Seite. Durch die kirchlichen Partner vor Ort werden unter anderem Programme f\u00fcr die Versorgung mit Kleidung, Nahrung und Medikamenten unterst\u00fctzt. Hinzu kommen Wohnhilfen, damit die Menschen ihren Alltag bew\u00e4ltigen k\u00f6nnen. Um weiter helfen zu k\u00f6nnen, bittet \u201eKirche in Not\u201c um Spenden.<\/span><\/p>\n","protected":false},"excerpt":{"rendered":"<p>\u201eDie Waffenruhe gilt faktisch nicht mehr.\u201c Das berichtete der chald\u00e4isch-katholische Bischof von Aleppo, Antoine Audo, gegen\u00fcber dem weltweiten katholischen Hilfswerk \u201eKirche in Not\u201c. In der nordsyrischen Stadt verst\u00e4rkten sich seit Mitte April erneut die K\u00e4mpfe zwischen Regierungs- und Rebellengruppen. \u201eDie Lage der Menschen ist verheerend. Es gibt viele Tote und Verletzte\u201c, sagte Audo.&nbsp; Teile Aleppos [&hellip;]<\/p>\n","protected":false},"author":1,"featured_media":1002,"comment_status":"closed","ping_status":"open","sticky":false,"template":"","format":"standard","meta":{"footnotes":""},"categories":[200],"tags":[22,93,39,16,43],"class_list":["post-1003","post","type-post","status-publish","format-standard","has-post-thumbnail","hentry","category-syrien","tag-burgerkrieg","tag-is","tag-naher-osten","tag-syrien","tag-vertreibung"],"_links":{"self":[{"href":"https:\/\/www.kircheinnot.at\/christenverfolgung\/wp-json\/wp\/v2\/posts\/1003","targetHints":{"allow":["GET"]}}],"collection":[{"href":"https:\/\/www.kircheinnot.at\/christenverfolgung\/wp-json\/wp\/v2\/posts"}],"about":[{"href":"https:\/\/www.kircheinnot.at\/christenverfolgung\/wp-json\/wp\/v2\/types\/post"}],"author":[{"embeddable":true,"href":"https:\/\/www.kircheinnot.at\/christenverfolgung\/wp-json\/wp\/v2\/users\/1"}],"replies":[{"embeddable":true,"href":"https:\/\/www.kircheinnot.at\/christenverfolgung\/wp-json\/wp\/v2\/comments?post=1003"}],"version-history":[{"count":1,"href":"https:\/\/www.kircheinnot.at\/christenverfolgung\/wp-json\/wp\/v2\/posts\/1003\/revisions"}],"predecessor-version":[{"id":3425,"href":"https:\/\/www.kircheinnot.at\/christenverfolgung\/wp-json\/wp\/v2\/posts\/1003\/revisions\/3425"}],"wp:featuredmedia":[{"embeddable":true,"href":"https:\/\/www.kircheinnot.at\/christenverfolgung\/wp-json\/wp\/v2\/media\/1002"}],"wp:attachment":[{"href":"https:\/\/www.kircheinnot.at\/christenverfolgung\/wp-json\/wp\/v2\/media?parent=1003"}],"wp:term":[{"taxonomy":"category","embeddable":true,"href":"https:\/\/www.kircheinnot.at\/christenverfolgung\/wp-json\/wp\/v2\/categories?post=1003"},{"taxonomy":"post_tag","embeddable":true,"href":"https:\/\/www.kircheinnot.at\/christenverfolgung\/wp-json\/wp\/v2\/tags?post=1003"}],"curies":[{"name":"wp","href":"https:\/\/api.w.org\/{rel}","templated":true}]}}