{"id":1283,"date":"2017-05-10T12:07:55","date_gmt":"2017-05-10T10:07:55","guid":{"rendered":"http:\/\/localhost\/christenverfolgung\/urteil-gegen-ahok-niederschmetternd-html\/"},"modified":"2023-02-24T09:47:49","modified_gmt":"2023-02-24T08:47:49","slug":"urteil-gegen-ahok-niederschmetternd-html","status":"publish","type":"post","link":"https:\/\/www.kircheinnot.at\/christenverfolgung\/urteil-gegen-ahok-niederschmetternd-html\/","title":{"rendered":"Urteil gegen Ahok niederschmetternd"},"content":{"rendered":"<p><span>Ein Gericht in Jakarta verurteilte den ehemaligen christlichen Gouverneur von Jakarta, Basuki Tjahaja Purnama (\u201cAhok\u201d) wegen Blasphemie zu zwei Jahren Haft verurteilt. Mit dem am gestrigen 9. Mai ausgesprochenen Urteil verh\u00e4ngte das Gereicht eine h\u00e4rtere Strafe, als der von der Staatsanwaltschaft geforderte zweij\u00e4hrige Hausarrest. Die Anw\u00e4lte der Verteidigung wollen gegen das Urteil Berufung einlegen.<br \/><\/span><br \/><span>\u201cEs ist eine sehr traurige Angelegenheit\u201d, so der Sekret\u00e4r der bisch\u00f6flichen Kommission f\u00fcr interreligi\u00f6sen Dialog, Pfarrer Agustinus Ulahayanan, \u201eradikalislamische Gruppen haben dieses Urteil und die ganze Angelegenheit, einschlie\u00dflich der j\u00fcngsten Wahlkampagne beeinflusst. Wir k\u00f6nnen nur sagen, es ist noch nicht zu Ende: die Verteidiger werden Berufung einlegen, w\u00e4hrend wir Christen uns der g\u00f6ttlichen Gerechtigkeit anvertrauen, den er ist der Herr der Geschichte\u201d.<br \/><\/span><br \/><span>\u201cWir k\u00f6nnen aus dieser Geschichte eine Lehre ziehen\u201c, so der katholische Geistliche weiter, \u201ePositiv an der Sache ist, dass die Christen und andere Komponenten der Gesellschaft zwar nicht einverstanden sind, die Reaktionen aber friedlich bleiben und sich an demokratische Regeln halten: indonesische Christen glauben an das Gemeinwohl und haben gro\u00dfen Respekt vor der Pancasila, den f\u00fcnf grundlegenden Prinzipien der indonesischen Demokratie\u201c. \u201cDoch wir m\u00fcssen auch feststellen, dass das Justizsystem schwach ist\u201d, so Pfarrer Agustinus Ulahayanan weiter, \u201cund dass radikale Gruppen gro\u00dfen Einfluss haben. In den vergangenen Monaten kam es zu einer offensichtlichen Instrumentalisierung des islamischen Glaubens zu politischen Zwecken und dies ist ein Ph\u00e4nomen, das sich auch auf die kommenden Wahlen auf nationaler Ebene auswirken kann. Man muss die Entwicklung beobachten und weise handeln\u201d.<br \/><\/span><br \/><strong>Das Urteil gegen Ahok ist eine Niederlage f\u00fcr den Rechtsstaat.<\/strong><\/p>\n<p><span>Radikalislamische Gruppen konnten sich durchsetzen und das ist gef\u00e4hrlich f\u00fcr die Zukunft unseres Landes\u201d, so Pfarrer Benny Susetyo vom \u201cSetara Institute\u201d.&nbsp;<\/span><span>Die Richter verurteilten Ahok, weil er sich der Blasphemie schuldig gemacht haben soll, indem er Verse aus dem Koran auf unangemessene Weise zitierte. Grundlage der Anklage ist der Artikel 156 des indonesischen Strafrechts. Ahok wurde unterdessen in das Gef\u00e4ngnis von Jakarta gebracht. (Quelle: Fidesdienst, Foto:&nbsp;<span>Cahaya Maulidian)<\/span><\/span><\/p>\n","protected":false},"excerpt":{"rendered":"<p>Ein Gericht in Jakarta verurteilte den ehemaligen christlichen Gouverneur von Jakarta, Basuki Tjahaja Purnama (\u201cAhok\u201d) wegen Blasphemie zu zwei Jahren Haft verurteilt. Mit dem am gestrigen 9. Mai ausgesprochenen Urteil verh\u00e4ngte das Gereicht eine h\u00e4rtere Strafe, als der von der Staatsanwaltschaft geforderte zweij\u00e4hrige Hausarrest. Die Anw\u00e4lte der Verteidigung wollen gegen das Urteil Berufung einlegen.\u201cEs ist [&hellip;]<\/p>\n","protected":false},"author":1,"featured_media":1282,"comment_status":"closed","ping_status":"open","sticky":false,"template":"","format":"standard","meta":{"footnotes":""},"categories":[215],"tags":[27,10,35,53,84],"class_list":["post-1283","post","type-post","status-publish","format-standard","has-post-thumbnail","hentry","category-indonesien","tag-asien","tag-blasphemiegesetz","tag-indonesien","tag-verhaftung","tag-verurteilung"],"_links":{"self":[{"href":"https:\/\/www.kircheinnot.at\/christenverfolgung\/wp-json\/wp\/v2\/posts\/1283","targetHints":{"allow":["GET"]}}],"collection":[{"href":"https:\/\/www.kircheinnot.at\/christenverfolgung\/wp-json\/wp\/v2\/posts"}],"about":[{"href":"https:\/\/www.kircheinnot.at\/christenverfolgung\/wp-json\/wp\/v2\/types\/post"}],"author":[{"embeddable":true,"href":"https:\/\/www.kircheinnot.at\/christenverfolgung\/wp-json\/wp\/v2\/users\/1"}],"replies":[{"embeddable":true,"href":"https:\/\/www.kircheinnot.at\/christenverfolgung\/wp-json\/wp\/v2\/comments?post=1283"}],"version-history":[{"count":1,"href":"https:\/\/www.kircheinnot.at\/christenverfolgung\/wp-json\/wp\/v2\/posts\/1283\/revisions"}],"predecessor-version":[{"id":3285,"href":"https:\/\/www.kircheinnot.at\/christenverfolgung\/wp-json\/wp\/v2\/posts\/1283\/revisions\/3285"}],"wp:featuredmedia":[{"embeddable":true,"href":"https:\/\/www.kircheinnot.at\/christenverfolgung\/wp-json\/wp\/v2\/media\/1282"}],"wp:attachment":[{"href":"https:\/\/www.kircheinnot.at\/christenverfolgung\/wp-json\/wp\/v2\/media?parent=1283"}],"wp:term":[{"taxonomy":"category","embeddable":true,"href":"https:\/\/www.kircheinnot.at\/christenverfolgung\/wp-json\/wp\/v2\/categories?post=1283"},{"taxonomy":"post_tag","embeddable":true,"href":"https:\/\/www.kircheinnot.at\/christenverfolgung\/wp-json\/wp\/v2\/tags?post=1283"}],"curies":[{"name":"wp","href":"https:\/\/api.w.org\/{rel}","templated":true}]}}