{"id":1301,"date":"2017-06-13T09:39:20","date_gmt":"2017-06-13T07:39:20","guid":{"rendered":"http:\/\/localhost\/christenverfolgung\/priester-muss-nach-10-jahren-ausreisen-html\/"},"modified":"2023-02-27T16:06:04","modified_gmt":"2023-02-27T15:06:04","slug":"priester-muss-nach-10-jahren-ausreisen-html","status":"publish","type":"post","link":"https:\/\/www.kircheinnot.at\/christenverfolgung\/priester-muss-nach-10-jahren-ausreisen-html\/","title":{"rendered":"Priester muss nach 10 Jahren ausreisen"},"content":{"rendered":"<p>Der katholische Priester Robert Maciejewski, der fast zehn Jahre als Pfarrer in Mstislav t\u00e4tig war, musste am 25. April Belarus verlassen, nachdem die Beh\u00f6rden eine Verl\u00e4ngerung seiner Genehmigung zur Vornahme religi\u00f6ser Handlungen abgelehnt hatten. Dies wurde vom Sprecher der Bischofskonferenz Juri Sanko best\u00e4tigt. Ende Mai musste ein weiterer polnischer Priester ausreisen. Er war 28 Jahre in Belarus t\u00e4tig. Sein Antrag auf Verleihung der Staatsb\u00fcrgerschaft von Belarus war bereits vor 5 Jahren abgelehnt worden.<\/p>\n<p>Ausl\u00e4nder, die in Belarus religi\u00f6se Dienste aus\u00fcben wollen, ben\u00f6tigen eine spezielle Erlaubnis des Bevollm\u00e4chtigten f\u00fcr religi\u00f6se und ethnische Angelegenheiten, die ohne Angabe von Gr\u00fcnden verweigert werden kann. Der f\u00fcr die Pfarre von Mstislav zust\u00e4ndige Erzbischof Tedeusz Kondrusiewicz hatte erst 2 Wochen vor der erzwungenen Ausreise von Maciejewski eine Aufhebung dieses Erfordernisses verlangt. Die katholische Kirche ist die am meisten betroffene Gemeinschaft, da vor allem Angeh\u00f6rige der polnischen Minderheit Katholiken sind. Staatsbeamte haben mehrmals zum Ausdruck gebracht, dass es ihr Ziel ist, die Anzahl der polnischen Priester zu reduzieren.<\/p>\n<p>Auch die New Life Gemeinde des vollen Evangeliums hatte wieder Besuch von Gerichtsvollziehern, die begleitet von Polizeibeamten erschienen und erneut versuchten, die Gemeinde unter Hinweis auf einen Gerichtsbeschluss aus dem Jahr 2009 zum Verlassen des Geb\u00e4udes zu zwingen, das sie seinerzeit gekauft und renoviert hat und seit 14 Jahren f\u00fcr ihre Gottesdienste nutzt. Die Christen von New Life weigerten sich zu gehen und so zogen die Beamten mit leeren H\u00e4nden ab. Die Beh\u00f6rden forderten die Vertreter von New Life zu Verhandlungen auf. Das offiziell konfiszierte Geb\u00e4ude wurde nach der praktisch wirkungslosen Enteignung offiziell als Eigentum einer st\u00e4dtischen Gesellschaft f\u00fcr Hausrenovierungen und \u00f6ffentliche Versorgungsdienste ins Grundbuch eingetragen. Daher m\u00fcssen die Beh\u00f6rden erhebliche Steuern f\u00fcr ein Geb\u00e4ude zahlen, das sie nicht nutzen k\u00f6nnen. Dieser Umstand k\u00f6nnte den Christen von New Life in den Verhandlungen zugutekommen. Die Mitglieder der New Life Gemeinde haben schon seit 14 Jahren zahlreiche Versuche der Beh\u00f6rden abgewehrt, die \u00dcbergabe des Geb\u00e4udes zu erzwingen. Der letzte R\u00e4umungsbefehl wurde 2013 ausgestellt, jedoch schnell ausgesetzt, aber nicht zur\u00fcckgenommen. Die Mitglieder der Gemeinde haben nicht die Absicht, das Geb\u00e4ude zu r\u00e4umen und kooperieren mit den Lokalbeh\u00f6rden auf der Suche nach einem legalen Weg zur Beilegung des Konflikts \u00fcber die Eigentumsverh\u00e4ltnisse.<\/p>\n<p>Eine von Brest ausgehende Fahrradfahrt mit \u00f6ffentlichen Gedenkveranstaltungen in verschiedenen St\u00e4dten anl\u00e4sslich des 500. Jahrestages der Ver\u00f6ffentlichung der ersten Bibelteile in der Landessprache wurde verboten. Die Fahrradfahrt wurde dennoch durchgef\u00fchrt. \u201eNiemand kann uns das Rad fahren verbieten\u201c, erkl\u00e4rte ein Vertreter der Veranstalter. Anstatt der \u00f6ffentlichen Gedenkveranstaltungen wurden Versammlungen in Kirchen entlang der Route abgehalten. (Quelle: Forum 18)<\/p>\n","protected":false},"excerpt":{"rendered":"<p>Der katholische Priester Robert Maciejewski, der fast zehn Jahre als Pfarrer in Mstislav t\u00e4tig war, musste am 25. April Belarus verlassen, nachdem die Beh\u00f6rden eine Verl\u00e4ngerung seiner Genehmigung zur Vornahme religi\u00f6ser Handlungen abgelehnt hatten. Dies wurde vom Sprecher der Bischofskonferenz Juri Sanko best\u00e4tigt. Ende Mai musste ein weiterer polnischer Priester ausreisen. Er war 28 Jahre [&hellip;]<\/p>\n","protected":false},"author":1,"featured_media":1300,"comment_status":"closed","ping_status":"open","sticky":false,"template":"","format":"standard","meta":{"footnotes":""},"categories":[268],"tags":[129,28,123],"class_list":["post-1301","post","type-post","status-publish","format-standard","has-post-thumbnail","hentry","category-belarus","tag-belarus","tag-europa","tag-weisrussland"],"_links":{"self":[{"href":"https:\/\/www.kircheinnot.at\/christenverfolgung\/wp-json\/wp\/v2\/posts\/1301","targetHints":{"allow":["GET"]}}],"collection":[{"href":"https:\/\/www.kircheinnot.at\/christenverfolgung\/wp-json\/wp\/v2\/posts"}],"about":[{"href":"https:\/\/www.kircheinnot.at\/christenverfolgung\/wp-json\/wp\/v2\/types\/post"}],"author":[{"embeddable":true,"href":"https:\/\/www.kircheinnot.at\/christenverfolgung\/wp-json\/wp\/v2\/users\/1"}],"replies":[{"embeddable":true,"href":"https:\/\/www.kircheinnot.at\/christenverfolgung\/wp-json\/wp\/v2\/comments?post=1301"}],"version-history":[{"count":1,"href":"https:\/\/www.kircheinnot.at\/christenverfolgung\/wp-json\/wp\/v2\/posts\/1301\/revisions"}],"predecessor-version":[{"id":3275,"href":"https:\/\/www.kircheinnot.at\/christenverfolgung\/wp-json\/wp\/v2\/posts\/1301\/revisions\/3275"}],"wp:featuredmedia":[{"embeddable":true,"href":"https:\/\/www.kircheinnot.at\/christenverfolgung\/wp-json\/wp\/v2\/media\/1300"}],"wp:attachment":[{"href":"https:\/\/www.kircheinnot.at\/christenverfolgung\/wp-json\/wp\/v2\/media?parent=1301"}],"wp:term":[{"taxonomy":"category","embeddable":true,"href":"https:\/\/www.kircheinnot.at\/christenverfolgung\/wp-json\/wp\/v2\/categories?post=1301"},{"taxonomy":"post_tag","embeddable":true,"href":"https:\/\/www.kircheinnot.at\/christenverfolgung\/wp-json\/wp\/v2\/tags?post=1301"}],"curies":[{"name":"wp","href":"https:\/\/api.w.org\/{rel}","templated":true}]}}