{"id":1337,"date":"2017-07-17T09:30:26","date_gmt":"2017-07-17T09:30:26","guid":{"rendered":"http:\/\/localhost\/christenverfolgung\/religionsunterricht-abgeschafft-html\/"},"modified":"2023-02-27T16:11:56","modified_gmt":"2023-02-27T15:11:56","slug":"religionsunterricht-abgeschafft-html","status":"publish","type":"post","link":"https:\/\/www.kircheinnot.at\/christenverfolgung\/religionsunterricht-abgeschafft-html\/","title":{"rendered":"Religionsunterricht abgeschafft"},"content":{"rendered":"<p>In Luxemburg gibt es ab dem kommenden Schuljahr auch an den Grundschulen keinen Religionsunterricht mehr. Das hat das Parlament des Gro\u00dfherzogtums beschlossen. Bislang hatten Sch\u00fcler zwischen Religions- und Moralunterricht w\u00e4hlen k\u00f6nnen. Nun wird ausschlie\u00dflich ein neutraler Werteunterricht angeboten. An den weiterf\u00fchrenden Schulen war bereits 2016 der Kurs \u201eLeben und Gesellschaft\u201c an die Stelle von Religions- und Ethikunterricht getreten. Er ist an allen \u00f6ffentlichen Schulen und den staatlich anerkannten Privatschulen verpflichtend. Kritik an der aktuellen Entscheidung kam von der Opposition. Der Christlich-Sozialen Volkspartei (CSV) zufolge sollte der Wunsch der Eltern nach Wahlfreiheit respektiert werden. Der (katholische) Erzbischof Jean-Claude Hollerich bezeichnete die Reform als \u201eMissachtung der Demokratie\u201c. Die seit 2013 amtierende Regierungskoalition der Liberalen, Sozialdemokraten und Gr\u00fcnen unter Ministerpr\u00e4sident Xavier Bettel setzt sich f\u00fcr eine striktere Trennung zwischen Staat und Kirche ein. Die Mehrheit der 576.000 Einwohner des Gro\u00dfherzogtums ist katholisch.(Quelle: idea, Foto: Cayambe)<\/p>\n","protected":false},"excerpt":{"rendered":"<p>In Luxemburg gibt es ab dem kommenden Schuljahr auch an den Grundschulen keinen Religionsunterricht mehr. Das hat das Parlament des Gro\u00dfherzogtums beschlossen. Bislang hatten Sch\u00fcler zwischen Religions- und Moralunterricht w\u00e4hlen k\u00f6nnen. Nun wird ausschlie\u00dflich ein neutraler Werteunterricht angeboten. An den weiterf\u00fchrenden Schulen war bereits 2016 der Kurs \u201eLeben und Gesellschaft\u201c an die Stelle von Religions- [&hellip;]<\/p>\n","protected":false},"author":1,"featured_media":1336,"comment_status":"closed","ping_status":"open","sticky":false,"template":"","format":"standard","meta":{"footnotes":""},"categories":[269],"tags":[30,28,126],"class_list":["post-1337","post","type-post","status-publish","format-standard","has-post-thumbnail","hentry","category-luxenburg","tag-diskriminierung-intoleranz","tag-europa","tag-luxemburg"],"_links":{"self":[{"href":"https:\/\/www.kircheinnot.at\/christenverfolgung\/wp-json\/wp\/v2\/posts\/1337","targetHints":{"allow":["GET"]}}],"collection":[{"href":"https:\/\/www.kircheinnot.at\/christenverfolgung\/wp-json\/wp\/v2\/posts"}],"about":[{"href":"https:\/\/www.kircheinnot.at\/christenverfolgung\/wp-json\/wp\/v2\/types\/post"}],"author":[{"embeddable":true,"href":"https:\/\/www.kircheinnot.at\/christenverfolgung\/wp-json\/wp\/v2\/users\/1"}],"replies":[{"embeddable":true,"href":"https:\/\/www.kircheinnot.at\/christenverfolgung\/wp-json\/wp\/v2\/comments?post=1337"}],"version-history":[{"count":1,"href":"https:\/\/www.kircheinnot.at\/christenverfolgung\/wp-json\/wp\/v2\/posts\/1337\/revisions"}],"predecessor-version":[{"id":3258,"href":"https:\/\/www.kircheinnot.at\/christenverfolgung\/wp-json\/wp\/v2\/posts\/1337\/revisions\/3258"}],"wp:featuredmedia":[{"embeddable":true,"href":"https:\/\/www.kircheinnot.at\/christenverfolgung\/wp-json\/wp\/v2\/media\/1336"}],"wp:attachment":[{"href":"https:\/\/www.kircheinnot.at\/christenverfolgung\/wp-json\/wp\/v2\/media?parent=1337"}],"wp:term":[{"taxonomy":"category","embeddable":true,"href":"https:\/\/www.kircheinnot.at\/christenverfolgung\/wp-json\/wp\/v2\/categories?post=1337"},{"taxonomy":"post_tag","embeddable":true,"href":"https:\/\/www.kircheinnot.at\/christenverfolgung\/wp-json\/wp\/v2\/tags?post=1337"}],"curies":[{"name":"wp","href":"https:\/\/api.w.org\/{rel}","templated":true}]}}