{"id":1349,"date":"2017-08-16T08:55:52","date_gmt":"2017-08-16T06:55:52","guid":{"rendered":"http:\/\/localhost\/christenverfolgung\/lage-verschaerft-sich-zunehmend-html\/"},"modified":"2023-02-23T11:25:46","modified_gmt":"2023-02-23T10:25:46","slug":"lage-verschaerft-sich-zunehmend-html","status":"publish","type":"post","link":"https:\/\/www.kircheinnot.at\/christenverfolgung\/lage-verschaerft-sich-zunehmend-html\/","title":{"rendered":"Lage versch\u00e4rft sich zunehmend"},"content":{"rendered":"<p>\u201eDass in Indien alle friedlich leben k\u00f6nnen, wird zum Mythos\u201c Jesuit beklagt Stimmungsmache gegen Christen und Muslime.&nbsp;<span style=\"font-size: 13.008px;\">In Indien versch\u00e4rft sich die Lage f\u00fcr religi\u00f6se Minderheiten zunehmend. Das hat der aus Indien stammende Jesuit und Menschenrechtler Cedric Prakash (Beirut) in einem Interview mit dem \u201emissio magazin\u201c (M\u00fcnchen) beklagt. \u201eDie Regierung um Premierminister Narendra Modi ist eine Bedrohung f\u00fcr alle Minderheiten im Land\u201c, sagte er. Besonders gef\u00e4hrlich sei der Einfluss der hindu-nationalistischen Regierungspartei BJP auf die gesellschaftliche Vielfalt des Landes: \u201eEs wird \u00f6ffentlich Stimmung gegen Christen und Muslime gemacht.\u201c Prakash verwies auf das sogenannte \u201eHeimkehr\u201c-Programm. Damit w\u00fcrden zum Christentum oder zum Islam konvertierte Menschen gezwungen, wieder Hindus zu werden. Religi\u00f6se Minderheiten, aber auch Angeh\u00f6rige niederer Kasten und die indigene Bev\u00f6lkerung w\u00fcrden wie B\u00fcrger zweiter Klasse behandelt. Auch 70 Jahre nach der Unabh\u00e4ngigkeit Indiens gebe es Strukturen der Ausbeutung und Diskriminierung: \u201eHeute leben wir in einem Neokolonialismus, in dem die Reichen und M\u00e4chtigen \u00fcber den Rest herrschen.\u201c Eine der gr\u00f6\u00dften Errungenschaften der Unabh\u00e4ngigkeit sei Indiens Verfassung, so Prakash. Sie beruhe auf den Werten der Freiheit, Gleichheit und Br\u00fcderlichkeit: \u201eDass in Indien aber alle friedlich leben k\u00f6nnen, wird heute leider mehr und mehr zum Mythos.\u201c Am 15. August feiert Indien die vor 70 Jahren erlangte Unabh\u00e4ngigkeit von der britischen Besatzung. Von den 1,1 Milliarden Einwohnern sind 82 Prozent Hindus, zw\u00f6lf Prozent Muslime und mindestens drei Prozent Christen. (Quelle: idea)<\/span><\/p>\n","protected":false},"excerpt":{"rendered":"<p>\u201eDass in Indien alle friedlich leben k\u00f6nnen, wird zum Mythos\u201c Jesuit beklagt Stimmungsmache gegen Christen und Muslime.&nbsp;In Indien versch\u00e4rft sich die Lage f\u00fcr religi\u00f6se Minderheiten zunehmend. Das hat der aus Indien stammende Jesuit und Menschenrechtler Cedric Prakash (Beirut) in einem Interview mit dem \u201emissio magazin\u201c (M\u00fcnchen) beklagt. \u201eDie Regierung um Premierminister Narendra Modi ist eine [&hellip;]<\/p>\n","protected":false},"author":1,"featured_media":1348,"comment_status":"closed","ping_status":"open","sticky":false,"template":"","format":"standard","meta":{"footnotes":""},"categories":[176],"tags":[27,4,30,3],"class_list":["post-1349","post","type-post","status-publish","format-standard","has-post-thumbnail","hentry","category-indien","tag-asien","tag-christenverfolgung","tag-diskriminierung-intoleranz","tag-indien"],"_links":{"self":[{"href":"https:\/\/www.kircheinnot.at\/christenverfolgung\/wp-json\/wp\/v2\/posts\/1349","targetHints":{"allow":["GET"]}}],"collection":[{"href":"https:\/\/www.kircheinnot.at\/christenverfolgung\/wp-json\/wp\/v2\/posts"}],"about":[{"href":"https:\/\/www.kircheinnot.at\/christenverfolgung\/wp-json\/wp\/v2\/types\/post"}],"author":[{"embeddable":true,"href":"https:\/\/www.kircheinnot.at\/christenverfolgung\/wp-json\/wp\/v2\/users\/1"}],"replies":[{"embeddable":true,"href":"https:\/\/www.kircheinnot.at\/christenverfolgung\/wp-json\/wp\/v2\/comments?post=1349"}],"version-history":[{"count":1,"href":"https:\/\/www.kircheinnot.at\/christenverfolgung\/wp-json\/wp\/v2\/posts\/1349\/revisions"}],"predecessor-version":[{"id":3252,"href":"https:\/\/www.kircheinnot.at\/christenverfolgung\/wp-json\/wp\/v2\/posts\/1349\/revisions\/3252"}],"wp:featuredmedia":[{"embeddable":true,"href":"https:\/\/www.kircheinnot.at\/christenverfolgung\/wp-json\/wp\/v2\/media\/1348"}],"wp:attachment":[{"href":"https:\/\/www.kircheinnot.at\/christenverfolgung\/wp-json\/wp\/v2\/media?parent=1349"}],"wp:term":[{"taxonomy":"category","embeddable":true,"href":"https:\/\/www.kircheinnot.at\/christenverfolgung\/wp-json\/wp\/v2\/categories?post=1349"},{"taxonomy":"post_tag","embeddable":true,"href":"https:\/\/www.kircheinnot.at\/christenverfolgung\/wp-json\/wp\/v2\/tags?post=1349"}],"curies":[{"name":"wp","href":"https:\/\/api.w.org\/{rel}","templated":true}]}}