{"id":1431,"date":"2017-12-21T08:10:19","date_gmt":"2017-12-21T07:10:19","guid":{"rendered":"http:\/\/localhost\/christenverfolgung\/drohungen-der-vorweihnachtszeit-html\/"},"modified":"2023-02-23T11:24:19","modified_gmt":"2023-02-23T10:24:19","slug":"drohungen-der-vorweihnachtszeit-html","status":"publish","type":"post","link":"https:\/\/www.kircheinnot.at\/christenverfolgung\/drohungen-der-vorweihnachtszeit-html\/","title":{"rendered":"Drohungen in der Vorweihnachtszeit"},"content":{"rendered":"<p><span>Als inakzeptabel bezeichnen Vertreter der katholischen Kirche in Indien, die Tatsache dass hinduistische Extremisten Christen in der Vorweihnachtszeit bedrohen. Vor wenigen Tagen versuchte die \u201eHindu Jagran Stuttg\u201c Weihnachtsfeiern an christlichen Schulen in Uttar Pradesh zu verbieten, und bezeichneten diese als \u201eAkt des Proselytismus\u201c. \u201eEs ist verheerend, dass hinduistische Extremisten weiterhin Drohungen aussprechen und Christen in verschiedenen Teilen Indiens einzusch\u00fcchtern versuchen\u201c, so der Karmelitanerpater Johnson Digal, der an einer katholischen Schule in Uttar Pradesch unterrichtet. &#8222;Die meisten Sch\u00fcler hier sind Hindus und Muslime und wir leben friedlich zusammen. Im vergangenen Jahr wurde ein protestantischer Pastor gezwungen seinen Kopf kahl zu rasieren und \u00fcber eine \u00f6ffentliche Stra\u00dfe zu gehen, weil er ohne konkrete Beweise verd\u00e4chtigt wurde Menschen bekehrt zu haben\u201c, so der Ordensmann.<br \/><\/span><br \/><span>Christliche Schulen wurden in Uttar Pradesch &#8211; Indiens bev\u00f6lkerungsreichstem Staat, der von der hinduistisch gepr\u00e4gten nationalistischen Bharatiya Janata Party (BJP) regiert wird &#8211; wurden von nationalistischen Organisationen, die mit der \u201eHindu Yuva Vahini\u201c unter Leitung von Yogi Adityanath in Verbindung stehen, mehrfach bedroht.&nbsp;<\/span><span>Wenige Tage zuvor hatten Aktivisten des hinduistischen Netzwerkes &#8222;Bajrang Dal&#8220; im Bezirk Satna in Madhya Pradesch eine Gruppe von Christen bedroht, die nach einer jahrhundertealten indischen Tradition Weihnachtslieder sangen, und ihre Autos vor einer Polizeiwache in Brand gesteckt.<br \/><\/span><br \/><span>\u201eDie falschen Anschuldigungen im Hinblick auf angebliche religi\u00f6se Bekehrungen und die Einsch\u00fcchterung der Minderheiten mit Zustimmung der Regierungsparteien, ist zu einer ernsthaften Bedrohung f\u00fcr die von der Verfassung garantierten Rechte der B\u00fcrger in Indien geworden: diese Rechte werden langsam aber stetig untergraben. Alle Inder sollten deshalb gemeinsam das Land vor faschistischen Kr\u00e4ften&nbsp;sch\u00fctzen &#8222;, so der Jesuitenpater Savarimuthu, der am \u201eXavier Institute for Tribal Education\u201c im Bundesstaat Jharkhand unterrichtet. (Quelle: Fidesdienst)<\/span><\/p>\n","protected":false},"excerpt":{"rendered":"<p>Als inakzeptabel bezeichnen Vertreter der katholischen Kirche in Indien, die Tatsache dass hinduistische Extremisten Christen in der Vorweihnachtszeit bedrohen. Vor wenigen Tagen versuchte die \u201eHindu Jagran Stuttg\u201c Weihnachtsfeiern an christlichen Schulen in Uttar Pradesh zu verbieten, und bezeichneten diese als \u201eAkt des Proselytismus\u201c. \u201eEs ist verheerend, dass hinduistische Extremisten weiterhin Drohungen aussprechen und Christen in [&hellip;]<\/p>\n","protected":false},"author":1,"featured_media":1430,"comment_status":"closed","ping_status":"open","sticky":false,"template":"","format":"standard","meta":{"footnotes":""},"categories":[176],"tags":[27,30,60,3],"class_list":["post-1431","post","type-post","status-publish","format-standard","has-post-thumbnail","hentry","category-indien","tag-asien","tag-diskriminierung-intoleranz","tag-hinduismus","tag-indien"],"_links":{"self":[{"href":"https:\/\/www.kircheinnot.at\/christenverfolgung\/wp-json\/wp\/v2\/posts\/1431","targetHints":{"allow":["GET"]}}],"collection":[{"href":"https:\/\/www.kircheinnot.at\/christenverfolgung\/wp-json\/wp\/v2\/posts"}],"about":[{"href":"https:\/\/www.kircheinnot.at\/christenverfolgung\/wp-json\/wp\/v2\/types\/post"}],"author":[{"embeddable":true,"href":"https:\/\/www.kircheinnot.at\/christenverfolgung\/wp-json\/wp\/v2\/users\/1"}],"replies":[{"embeddable":true,"href":"https:\/\/www.kircheinnot.at\/christenverfolgung\/wp-json\/wp\/v2\/comments?post=1431"}],"version-history":[{"count":1,"href":"https:\/\/www.kircheinnot.at\/christenverfolgung\/wp-json\/wp\/v2\/posts\/1431\/revisions"}],"predecessor-version":[{"id":3211,"href":"https:\/\/www.kircheinnot.at\/christenverfolgung\/wp-json\/wp\/v2\/posts\/1431\/revisions\/3211"}],"wp:featuredmedia":[{"embeddable":true,"href":"https:\/\/www.kircheinnot.at\/christenverfolgung\/wp-json\/wp\/v2\/media\/1430"}],"wp:attachment":[{"href":"https:\/\/www.kircheinnot.at\/christenverfolgung\/wp-json\/wp\/v2\/media?parent=1431"}],"wp:term":[{"taxonomy":"category","embeddable":true,"href":"https:\/\/www.kircheinnot.at\/christenverfolgung\/wp-json\/wp\/v2\/categories?post=1431"},{"taxonomy":"post_tag","embeddable":true,"href":"https:\/\/www.kircheinnot.at\/christenverfolgung\/wp-json\/wp\/v2\/tags?post=1431"}],"curies":[{"name":"wp","href":"https:\/\/api.w.org\/{rel}","templated":true}]}}