{"id":1619,"date":"2018-09-10T07:25:10","date_gmt":"2018-09-10T05:25:10","guid":{"rendered":"http:\/\/localhost\/christenverfolgung\/haeuser-von-kopten-brand-gesteckt-html\/"},"modified":"2023-02-23T11:52:49","modified_gmt":"2023-02-23T10:52:49","slug":"haeuser-von-kopten-brand-gesteckt-html","status":"publish","type":"post","link":"https:\/\/www.kircheinnot.at\/christenverfolgung\/haeuser-von-kopten-brand-gesteckt-html\/","title":{"rendered":"H\u00e4user von Kopten in Brand gesteckt"},"content":{"rendered":"<p><span>Laut dem Nachrichtendienst World Watch Monitor griffen Muslime zum vierten Mal in sieben Wochen eine Kirche im Dorf Ezbet Sultan Pasha (Provinz al-Minya) an. Der bislang letzte Zwischenfall habe sich am 24. August nach dem islamischen Abendgebet ereignet. Muslime sollen die Kirche mit Steinen beworfen, anschlie\u00dfend die Fassaden privater H\u00e4user von Kopten besch\u00e4digt und dabei \u201eAllahu Akbar\u201c gerufen haben. Weiter h\u00e4tten sie skandiert \u201eWir wollen keine Kirche in unserem Dorf\u201c und \u201eWir erlauben euch Unreinen nicht, in unserem Dorf zu beten\u201c. Drei Personen seien inhaftiert, jedoch am n\u00e4chsten Tag wieder freigelassen worden. Ausl\u00f6ser f\u00fcr die wiederholten Attacken sollen Ger\u00fcchte gewesen sein, die koptische Gemeinschaft habe einen Antrag auf eine offizielle Registrierung ihrer Kirche gestellt. In \u00c4gypten bilden die sch\u00e4tzungsweise bis zu zehn Millionen orthodoxen Kopten die gr\u00f6\u00dfte Kirche. Hinzu kommen etwa 300.000 Mitglieder der koptisch-evangelischen Kirche, 200.000 Katholiken, mehr als 100.000 Mitglieder von Pfingstgemeinden, Br\u00fcdergemeinden und anglikanischen Gemeinden sowie 40.000 Griechisch-Orthodoxe. Rund 90 Prozent der 94,8 Millionen Einwohner \u00c4gyptens sind Muslime. (Quelle: idea und WWM)<\/span><\/p>\n","protected":false},"excerpt":{"rendered":"<p>Laut dem Nachrichtendienst World Watch Monitor griffen Muslime zum vierten Mal in sieben Wochen eine Kirche im Dorf Ezbet Sultan Pasha (Provinz al-Minya) an. Der bislang letzte Zwischenfall habe sich am 24. August nach dem islamischen Abendgebet ereignet. Muslime sollen die Kirche mit Steinen beworfen, anschlie\u00dfend die Fassaden privater H\u00e4user von Kopten besch\u00e4digt und dabei [&hellip;]<\/p>\n","protected":false},"author":1,"featured_media":1618,"comment_status":"closed","ping_status":"open","sticky":false,"template":"","format":"standard","meta":{"footnotes":""},"categories":[217],"tags":[6,55,104,8,87],"class_list":["post-1619","post","type-post","status-publish","format-standard","has-post-thumbnail","hentry","category-aegypten","tag-afrika","tag-agypten","tag-brandstiftung","tag-islamisierung","tag-vandalismus"],"_links":{"self":[{"href":"https:\/\/www.kircheinnot.at\/christenverfolgung\/wp-json\/wp\/v2\/posts\/1619","targetHints":{"allow":["GET"]}}],"collection":[{"href":"https:\/\/www.kircheinnot.at\/christenverfolgung\/wp-json\/wp\/v2\/posts"}],"about":[{"href":"https:\/\/www.kircheinnot.at\/christenverfolgung\/wp-json\/wp\/v2\/types\/post"}],"author":[{"embeddable":true,"href":"https:\/\/www.kircheinnot.at\/christenverfolgung\/wp-json\/wp\/v2\/users\/1"}],"replies":[{"embeddable":true,"href":"https:\/\/www.kircheinnot.at\/christenverfolgung\/wp-json\/wp\/v2\/comments?post=1619"}],"version-history":[{"count":1,"href":"https:\/\/www.kircheinnot.at\/christenverfolgung\/wp-json\/wp\/v2\/posts\/1619\/revisions"}],"predecessor-version":[{"id":3117,"href":"https:\/\/www.kircheinnot.at\/christenverfolgung\/wp-json\/wp\/v2\/posts\/1619\/revisions\/3117"}],"wp:featuredmedia":[{"embeddable":true,"href":"https:\/\/www.kircheinnot.at\/christenverfolgung\/wp-json\/wp\/v2\/media\/1618"}],"wp:attachment":[{"href":"https:\/\/www.kircheinnot.at\/christenverfolgung\/wp-json\/wp\/v2\/media?parent=1619"}],"wp:term":[{"taxonomy":"category","embeddable":true,"href":"https:\/\/www.kircheinnot.at\/christenverfolgung\/wp-json\/wp\/v2\/categories?post=1619"},{"taxonomy":"post_tag","embeddable":true,"href":"https:\/\/www.kircheinnot.at\/christenverfolgung\/wp-json\/wp\/v2\/tags?post=1619"}],"curies":[{"name":"wp","href":"https:\/\/api.w.org\/{rel}","templated":true}]}}