{"id":1627,"date":"2018-09-18T07:45:38","date_gmt":"2018-09-18T05:45:38","guid":{"rendered":"http:\/\/localhost\/christenverfolgung\/271-christen-angeklagt-html\/"},"modified":"2023-02-23T11:22:32","modified_gmt":"2023-02-23T10:22:32","slug":"271-christen-angeklagt-html","status":"publish","type":"post","link":"https:\/\/www.kircheinnot.at\/christenverfolgung\/271-christen-angeklagt-html\/","title":{"rendered":"271 Christen angeklagt"},"content":{"rendered":"<p><span>Im nordindischen Bundesstaat Uttar Pradesh sind 271 pfingstkirchliche Christen wegen angeblicher \u201eVerbreitung von L\u00fcgen \u00fcber den Hinduismus\u201c angeklagt worden. Das meldet die Nachrichtenagentur Ucanews. Den Angeklagten wird au\u00dferdem zur Last gelegt, Hindus in ihrem Dorf Bhundly im Distrikt Jaunpur unter Drogen gesetzt zu haben, damit sie Christen werden. Laut Ucanews basiert die Anklage auf Vorw\u00fcrfen der hindu-extremistischen Organisation \u201eHindu Jagran Manch\u201c. Wie der Sprecher der christlichen Menschenrechtsorganisation ADF International (Allianz zur Verteidigung der Freiheit), Andreas Thonhauser (Wien), auf Nachfrage der Evangelischen Nachrichtenagentur idea sagte, sind die Vorw\u00fcrfe gegen die Christen falsch. <\/span><\/p>\n<p><span>Partneranw\u00e4lte von ADF International in Indien seien mit dem Fall betraut. Eine erste Anh\u00f6rung der Angeklagten finde in den kommenden Tagen statt, so Thonhauser. Propaganda und \u00fcble Verleumdungen gegen Christen und andere religi\u00f6se Minderheiten beobachte die Menschenrechtsorganisation in zunehmenden Ma\u00dfe in mehreren Bundesstaaten Indiens. Seit der Macht\u00fcbernahme der hindu-nationalistischen Partei BJP 2014 nimmt landesweit auch die Gewalt gegen religi\u00f6se Minderheiten durch Hindu-Extremisten zu. 80 Prozent der 1,3 Milliarden Einwohner Indiens sind Hindus, 14 Prozent Muslime und 2,3 Prozent Christen. (Quelle: idea\/ADF)<\/span><\/p>\n","protected":false},"excerpt":{"rendered":"<p>Im nordindischen Bundesstaat Uttar Pradesh sind 271 pfingstkirchliche Christen wegen angeblicher \u201eVerbreitung von L\u00fcgen \u00fcber den Hinduismus\u201c angeklagt worden. Das meldet die Nachrichtenagentur Ucanews. Den Angeklagten wird au\u00dferdem zur Last gelegt, Hindus in ihrem Dorf Bhundly im Distrikt Jaunpur unter Drogen gesetzt zu haben, damit sie Christen werden. Laut Ucanews basiert die Anklage auf Vorw\u00fcrfen [&hellip;]<\/p>\n","protected":false},"author":1,"featured_media":1626,"comment_status":"closed","ping_status":"open","sticky":false,"template":"","format":"standard","meta":{"footnotes":""},"categories":[176],"tags":[27,30,60,3],"class_list":["post-1627","post","type-post","status-publish","format-standard","has-post-thumbnail","hentry","category-indien","tag-asien","tag-diskriminierung-intoleranz","tag-hinduismus","tag-indien"],"_links":{"self":[{"href":"https:\/\/www.kircheinnot.at\/christenverfolgung\/wp-json\/wp\/v2\/posts\/1627","targetHints":{"allow":["GET"]}}],"collection":[{"href":"https:\/\/www.kircheinnot.at\/christenverfolgung\/wp-json\/wp\/v2\/posts"}],"about":[{"href":"https:\/\/www.kircheinnot.at\/christenverfolgung\/wp-json\/wp\/v2\/types\/post"}],"author":[{"embeddable":true,"href":"https:\/\/www.kircheinnot.at\/christenverfolgung\/wp-json\/wp\/v2\/users\/1"}],"replies":[{"embeddable":true,"href":"https:\/\/www.kircheinnot.at\/christenverfolgung\/wp-json\/wp\/v2\/comments?post=1627"}],"version-history":[{"count":1,"href":"https:\/\/www.kircheinnot.at\/christenverfolgung\/wp-json\/wp\/v2\/posts\/1627\/revisions"}],"predecessor-version":[{"id":3113,"href":"https:\/\/www.kircheinnot.at\/christenverfolgung\/wp-json\/wp\/v2\/posts\/1627\/revisions\/3113"}],"wp:featuredmedia":[{"embeddable":true,"href":"https:\/\/www.kircheinnot.at\/christenverfolgung\/wp-json\/wp\/v2\/media\/1626"}],"wp:attachment":[{"href":"https:\/\/www.kircheinnot.at\/christenverfolgung\/wp-json\/wp\/v2\/media?parent=1627"}],"wp:term":[{"taxonomy":"category","embeddable":true,"href":"https:\/\/www.kircheinnot.at\/christenverfolgung\/wp-json\/wp\/v2\/categories?post=1627"},{"taxonomy":"post_tag","embeddable":true,"href":"https:\/\/www.kircheinnot.at\/christenverfolgung\/wp-json\/wp\/v2\/tags?post=1627"}],"curies":[{"name":"wp","href":"https:\/\/api.w.org\/{rel}","templated":true}]}}