{"id":1785,"date":"2019-05-07T07:52:54","date_gmt":"2019-05-07T07:52:54","guid":{"rendered":"http:\/\/localhost\/christenverfolgung\/christenverfolgung-grenzt-voelkermord-html\/"},"modified":"2022-12-06T15:32:55","modified_gmt":"2022-12-06T15:32:55","slug":"christenverfolgung-grenzt-voelkermord-html","status":"publish","type":"post","link":"https:\/\/www.kircheinnot.at\/christenverfolgung\/christenverfolgung-grenzt-voelkermord-html\/","title":{"rendered":"Christenverfolgung grenzt an V\u00f6lkermord"},"content":{"rendered":"<p><span>Die Verfolgung von Christen grenzt in einigen Teilen der Welt an V\u00f6lkermord. Das geht aus einem Zwischenbericht \u00fcber die weltweite Lage der Christen hervor, den der anglikanische Bischof Philip Mounstephen (Truro in der britischen Grafschaft Cornwall) am 3. Mai ver\u00f6ffentlicht hat. Die Verfolgung sei in den islamischen L\u00e4ndern des Nahen Ostens und Nordafrikas am schlimmsten. So habe die Lage der Christen in Algerien, \u00c4gypten, Iran, Irak, Syrien und Saudi-Arabien \u201eeine alarmierende Stufe erreicht\u201c. Auch in den mittleren und s\u00fcdlichen Regionen Afrikas habe die Gewalt gegen Christen massiv zugenommen, etwa in Nigeria durch die islamische Terrormiliz \u201eBoko Haram\u201c (Westliche Bildung ist S\u00fcnde). In S\u00fcdasien sei die \u201eroutinem\u00e4\u00dfige Diskriminierung\u201c der Christen in den vergangenen Jahren teilweise \u201ein offene Verfolgung\u201c \u00fcbergegangen. Der britische Au\u00dfenminister Jeremy Hunt (Konservative Partei, London) hatte den Bericht Ende 2018 in Auftrag gegeben. Zur Vorstellung des Zwischenberichts sagte der Politiker laut der Zeitung \u201eChurch Times\u201c: \u201eWir haben alle geschlafen, wenn es um Christenverfolgung ging.\u201c In Gro\u00dfbritannien habe die Atmosph\u00e4re der politischen Korrektheit und ein schlechtes Gewissen wegen der Kolonialvergangenheit des Landes dazu gef\u00fchrt, dass viele Menschen dieses Thema vermieden h\u00e4tten. Der Abschlussbericht zur weltweiten Lage von Christen soll im Juni vorgelegt werden. (Quelle: idea)<\/span><\/p>\n","protected":false},"excerpt":{"rendered":"<p>Die Verfolgung von Christen grenzt in einigen Teilen der Welt an V\u00f6lkermord. Das geht aus einem Zwischenbericht \u00fcber die weltweite Lage der Christen hervor, den der anglikanische Bischof Philip Mounstephen (Truro in der britischen Grafschaft Cornwall) am 3. Mai ver\u00f6ffentlicht hat. Die Verfolgung sei in den islamischen L\u00e4ndern des Nahen Ostens und Nordafrikas am schlimmsten. [&hellip;]<\/p>\n","protected":false},"author":1,"featured_media":1784,"comment_status":"closed","ping_status":"open","sticky":false,"template":"","format":"standard","meta":{"footnotes":""},"categories":[1],"tags":[6,27,4,28,39],"class_list":["post-1785","post","type-post","status-publish","format-standard","has-post-thumbnail","hentry","category-uncategorized","tag-afrika","tag-asien","tag-christenverfolgung","tag-europa","tag-naher-osten"],"_links":{"self":[{"href":"https:\/\/www.kircheinnot.at\/christenverfolgung\/wp-json\/wp\/v2\/posts\/1785","targetHints":{"allow":["GET"]}}],"collection":[{"href":"https:\/\/www.kircheinnot.at\/christenverfolgung\/wp-json\/wp\/v2\/posts"}],"about":[{"href":"https:\/\/www.kircheinnot.at\/christenverfolgung\/wp-json\/wp\/v2\/types\/post"}],"author":[{"embeddable":true,"href":"https:\/\/www.kircheinnot.at\/christenverfolgung\/wp-json\/wp\/v2\/users\/1"}],"replies":[{"embeddable":true,"href":"https:\/\/www.kircheinnot.at\/christenverfolgung\/wp-json\/wp\/v2\/comments?post=1785"}],"version-history":[{"count":1,"href":"https:\/\/www.kircheinnot.at\/christenverfolgung\/wp-json\/wp\/v2\/posts\/1785\/revisions"}],"predecessor-version":[{"id":3034,"href":"https:\/\/www.kircheinnot.at\/christenverfolgung\/wp-json\/wp\/v2\/posts\/1785\/revisions\/3034"}],"wp:featuredmedia":[{"embeddable":true,"href":"https:\/\/www.kircheinnot.at\/christenverfolgung\/wp-json\/wp\/v2\/media\/1784"}],"wp:attachment":[{"href":"https:\/\/www.kircheinnot.at\/christenverfolgung\/wp-json\/wp\/v2\/media?parent=1785"}],"wp:term":[{"taxonomy":"category","embeddable":true,"href":"https:\/\/www.kircheinnot.at\/christenverfolgung\/wp-json\/wp\/v2\/categories?post=1785"},{"taxonomy":"post_tag","embeddable":true,"href":"https:\/\/www.kircheinnot.at\/christenverfolgung\/wp-json\/wp\/v2\/tags?post=1785"}],"curies":[{"name":"wp","href":"https:\/\/api.w.org\/{rel}","templated":true}]}}