{"id":1887,"date":"2019-09-10T08:24:49","date_gmt":"2019-09-10T06:24:49","guid":{"rendered":"http:\/\/localhost\/christenverfolgung\/2-priester-und-ein-katechist-verhaftet-html\/"},"modified":"2023-02-21T09:08:01","modified_gmt":"2023-02-21T08:08:01","slug":"2-priester-und-ein-katechist-verhaftet-html","status":"publish","type":"post","link":"https:\/\/www.kircheinnot.at\/christenverfolgung\/2-priester-und-ein-katechist-verhaftet-html\/","title":{"rendered":"2 Priester und ein Katechist verhaftet"},"content":{"rendered":"<p>Die Polizei im ostindischen Bundesstaat Jharkhand nahm zwei katholische Priester und einen Katecheten in Gewahrsam, unter dem Vorwurd, dass sie die Bev\u00f6lkerung eines Dorfes zur Bekehrung gezwungen haben sollen. Wie Pfarrer N. M. Thomas, Generalvikar der Di\u00f6zese Bhagalpur, in der sich das Dorf befindet, mitteilt, wurden Pfarrer Arun Vincent und Pfarrer Benoy John sowie der Katechist Munna Hansda aus der Mission Rajdaha am 6. September im Dorf Deodar wegen &#8222;Zwangsbekehrungen&#8220; zum Christentum und &#8222;illegaler Landbesetzung&#8220; festgenommen.<\/p>\n<p> Die Polizei lie\u00df Pfarrer Vincent inzwischen frei, w\u00e4hrend Pfarrer Benoy John und der Katechet m\u00f6glicherweise erst am 11. September freigelassen werden, so der Generalvikar. Wie der Generalvikar betont, handelt es sich bei diesen Festnahmen um nichts anderes als &#8222;Machtmissbrauch gegen Priester und Christen und der Versuch der Einsch\u00fcchterung, die politisch motiviert sind, um die Arbeit der Missionare f\u00fcr die Armen, Ausgegrenzten und Noteidenden zu beeintr\u00e4chtigen&#8220;.<\/p>\n<p> Der einheimische Katholik Augustine Hembrom sagt: &#8222;Wir verurteilen diese Aktion. Es ist bekannt, dass wir Katholiken an die Gewissensfreiheit glauben und niemals jemanden zwingen w\u00fcrden, seinen Glauben zu \u00e4ndern. Die Regierungsbeh\u00f6rden sind sich dessen bewusst. Daher zielen die Verhaftungen zweifellos darauf ab, Christen zu sch\u00e4digen.&#8220;<\/p>\n<p> Der katholischer Menschenrechtsaktivist John Dayal bekr\u00e4ftigt: &#8222;Was gerade in Jharkhand und insbesondere bei Volksst\u00e4mmen in Zentralindien geschieht, gibt Anlass zu tiefer Besorgnis. Die Bundesregierung unterst\u00fctzt die Beh\u00f6rden vor Ort, wenn es darum geht gegen religi\u00f6se Minderheiten vorzugehen und einerseits Muslime und andererseits christliche Geistliche und Bildungseinrichtungen zu sch\u00e4digen. &#8222;<\/p>\n<p> &#8222;Besonders beunruhigend ist jedoch die Tatsache, dass man versucht, die Menschen nach ihrer Religionszugeh\u00f6rigkeit zu spalten. Wir sind alle indische Staatsb\u00fcrger. Diese Politik der Spaltung muss beendet werden, wenn Frieden und Einheit aufrechterhalten und Demokratie und Entwicklung gest\u00e4rkt werden sollen &#8222;, so Dayal abschlie\u00dfend. (Quelle: Fidesdienst, Bild: TUBS\/wikipedia)<\/p>\n","protected":false},"excerpt":{"rendered":"<p>Die Polizei im ostindischen Bundesstaat Jharkhand nahm zwei katholische Priester und einen Katecheten in Gewahrsam, unter dem Vorwurd, dass sie die Bev\u00f6lkerung eines Dorfes zur Bekehrung gezwungen haben sollen. Wie Pfarrer N. M. Thomas, Generalvikar der Di\u00f6zese Bhagalpur, in der sich das Dorf befindet, mitteilt, wurden Pfarrer Arun Vincent und Pfarrer Benoy John sowie der [&hellip;]<\/p>\n","protected":false},"author":1,"featured_media":1886,"comment_status":"closed","ping_status":"open","sticky":false,"template":"","format":"standard","meta":{"footnotes":""},"categories":[176],"tags":[27,30,3,53],"class_list":["post-1887","post","type-post","status-publish","format-standard","has-post-thumbnail","hentry","category-indien","tag-asien","tag-diskriminierung-intoleranz","tag-indien","tag-verhaftung"],"_links":{"self":[{"href":"https:\/\/www.kircheinnot.at\/christenverfolgung\/wp-json\/wp\/v2\/posts\/1887","targetHints":{"allow":["GET"]}}],"collection":[{"href":"https:\/\/www.kircheinnot.at\/christenverfolgung\/wp-json\/wp\/v2\/posts"}],"about":[{"href":"https:\/\/www.kircheinnot.at\/christenverfolgung\/wp-json\/wp\/v2\/types\/post"}],"author":[{"embeddable":true,"href":"https:\/\/www.kircheinnot.at\/christenverfolgung\/wp-json\/wp\/v2\/users\/1"}],"replies":[{"embeddable":true,"href":"https:\/\/www.kircheinnot.at\/christenverfolgung\/wp-json\/wp\/v2\/comments?post=1887"}],"version-history":[{"count":1,"href":"https:\/\/www.kircheinnot.at\/christenverfolgung\/wp-json\/wp\/v2\/posts\/1887\/revisions"}],"predecessor-version":[{"id":2983,"href":"https:\/\/www.kircheinnot.at\/christenverfolgung\/wp-json\/wp\/v2\/posts\/1887\/revisions\/2983"}],"wp:featuredmedia":[{"embeddable":true,"href":"https:\/\/www.kircheinnot.at\/christenverfolgung\/wp-json\/wp\/v2\/media\/1886"}],"wp:attachment":[{"href":"https:\/\/www.kircheinnot.at\/christenverfolgung\/wp-json\/wp\/v2\/media?parent=1887"}],"wp:term":[{"taxonomy":"category","embeddable":true,"href":"https:\/\/www.kircheinnot.at\/christenverfolgung\/wp-json\/wp\/v2\/categories?post=1887"},{"taxonomy":"post_tag","embeddable":true,"href":"https:\/\/www.kircheinnot.at\/christenverfolgung\/wp-json\/wp\/v2\/tags?post=1887"}],"curies":[{"name":"wp","href":"https:\/\/api.w.org\/{rel}","templated":true}]}}