{"id":1909,"date":"2019-10-16T12:14:05","date_gmt":"2019-10-16T10:14:05","guid":{"rendered":"http:\/\/localhost\/christenverfolgung\/gewalttaten-nehmen-zu-html\/"},"modified":"2023-02-21T09:05:59","modified_gmt":"2023-02-21T08:05:59","slug":"gewalttaten-nehmen-zu-html","status":"publish","type":"post","link":"https:\/\/www.kircheinnot.at\/christenverfolgung\/gewalttaten-nehmen-zu-html\/","title":{"rendered":"Gewalttaten nehmen zu"},"content":{"rendered":"<p>&#8222;In den letzten Wochen gab es eine alarmierende Zunahme gewaltsamer Episoden gegen religi\u00f6se Minderheiten. Einige der j\u00fcngsten Vorf\u00e4lle betrafen die Sch\u00e4ndung von Kreuzen an Gr\u00e4bern in einem christlichen Dorf in Antonioabad in der N\u00e4he der Stadt Okara&#8220;, beklagt die die Kommission &#8222;Gerechtigkeit und Frieden&#8220; (NCJP) der Katholischen Bischofskonferenz von Pakistan, die ihre Besorgnis \u00fcber solche Vorf\u00e4lle zum Ausdruck bringt, und mehrere Vorf\u00e4lle gegen christliche Gemeinden und andere Minderheiten in den letzten Monaten anprangert. <\/p>\n<p> Die Kommission &#8222;Gerechtigkeit und Frieden&#8220; verurteilt nachdr\u00fccklich &#8222;gezielte Gewalt gegen Minderheiten nur aufgrund ihres Glaubens&#8220; und erkl\u00e4rt: &#8222;Diese Angriffe auf Minderheiten sind nicht hinnehmbar, und der Staat muss allen B\u00fcrgern Schutz und Sicherheit bieten.&#8220; Erzbischof Joseph Arshad, Pr\u00e4sident der Kommission, fordert gemeinsam mit deren Leiter Pfarrer Emmanuel Yousaf, und dem Gesch\u00e4ftsf\u00fchrer Cecil Shane Chaudhry, die Regierung auf, &#8222;unverz\u00fcglich wirksame Ma\u00dfnahmen zu ergreifen, um die Sicherheit von Minderheiten gem\u00e4\u00df Artikel 36 der pakistanischen Verfassung zu gew\u00e4hrleisten&#8220;, die T\u00e4ter der Gewalt vor Gericht zu bringen.<\/p>\n<p> &#8222;Es ist von \u00e4u\u00dferster Wichtigkeit, dass die Regierung das Urteil des Obersten Gerichtshofs vom 19. Juni 2014 zur F\u00f6rderung und zum Schutz der legitimen Rechte religi\u00f6ser Minderheiten umsetzt&#8220;, hei\u00dft es in dem dem Schreiben, in dem beklagt wird, dass &#8222;Minderheiten immer noch als B\u00fcrger zweiter Klasse gelten&#8220; und f\u00fcr ihre Grundrechte k\u00e4mpfen m\u00fcssen. Pfarrer Emmanuel Yousaf betont, dass &#8222;diese Angriffe eine ernsthafte Bedrohung f\u00fcr das \u00dcberleben von Minderheiten in Pakistan darstellen&#8220; und forderte sie auf, den &#8222;Nationalen Aktionsplan f\u00fcr Menschenrechte&#8220; umzusetzen. (Quelle: Fidesdienst)<\/p>\n","protected":false},"excerpt":{"rendered":"<p>&#8222;In den letzten Wochen gab es eine alarmierende Zunahme gewaltsamer Episoden gegen religi\u00f6se Minderheiten. Einige der j\u00fcngsten Vorf\u00e4lle betrafen die Sch\u00e4ndung von Kreuzen an Gr\u00e4bern in einem christlichen Dorf in Antonioabad in der N\u00e4he der Stadt Okara&#8220;, beklagt die die Kommission &#8222;Gerechtigkeit und Frieden&#8220; (NCJP) der Katholischen Bischofskonferenz von Pakistan, die ihre Besorgnis \u00fcber solche [&hellip;]<\/p>\n","protected":false},"author":1,"featured_media":1908,"comment_status":"closed","ping_status":"open","sticky":false,"template":"","format":"standard","meta":{"footnotes":""},"categories":[174],"tags":[27,8,9,73],"class_list":["post-1909","post","type-post","status-publish","format-standard","has-post-thumbnail","hentry","category-pakistan","tag-asien","tag-islamisierung","tag-pakistan","tag-schandung"],"_links":{"self":[{"href":"https:\/\/www.kircheinnot.at\/christenverfolgung\/wp-json\/wp\/v2\/posts\/1909","targetHints":{"allow":["GET"]}}],"collection":[{"href":"https:\/\/www.kircheinnot.at\/christenverfolgung\/wp-json\/wp\/v2\/posts"}],"about":[{"href":"https:\/\/www.kircheinnot.at\/christenverfolgung\/wp-json\/wp\/v2\/types\/post"}],"author":[{"embeddable":true,"href":"https:\/\/www.kircheinnot.at\/christenverfolgung\/wp-json\/wp\/v2\/users\/1"}],"replies":[{"embeddable":true,"href":"https:\/\/www.kircheinnot.at\/christenverfolgung\/wp-json\/wp\/v2\/comments?post=1909"}],"version-history":[{"count":1,"href":"https:\/\/www.kircheinnot.at\/christenverfolgung\/wp-json\/wp\/v2\/posts\/1909\/revisions"}],"predecessor-version":[{"id":2972,"href":"https:\/\/www.kircheinnot.at\/christenverfolgung\/wp-json\/wp\/v2\/posts\/1909\/revisions\/2972"}],"wp:featuredmedia":[{"embeddable":true,"href":"https:\/\/www.kircheinnot.at\/christenverfolgung\/wp-json\/wp\/v2\/media\/1908"}],"wp:attachment":[{"href":"https:\/\/www.kircheinnot.at\/christenverfolgung\/wp-json\/wp\/v2\/media?parent=1909"}],"wp:term":[{"taxonomy":"category","embeddable":true,"href":"https:\/\/www.kircheinnot.at\/christenverfolgung\/wp-json\/wp\/v2\/categories?post=1909"},{"taxonomy":"post_tag","embeddable":true,"href":"https:\/\/www.kircheinnot.at\/christenverfolgung\/wp-json\/wp\/v2\/tags?post=1909"}],"curies":[{"name":"wp","href":"https:\/\/api.w.org\/{rel}","templated":true}]}}