{"id":1927,"date":"2019-11-14T13:45:06","date_gmt":"2019-11-14T12:45:06","guid":{"rendered":"http:\/\/localhost\/christenverfolgung\/update-kath-priester-ermordet-html\/"},"modified":"2023-02-21T09:14:03","modified_gmt":"2023-02-21T08:14:03","slug":"update-kath-priester-ermordet-html","status":"publish","type":"post","link":"https:\/\/www.kircheinnot.at\/christenverfolgung\/update-kath-priester-ermordet-html\/","title":{"rendered":"Update: Kath. Priester ermordet"},"content":{"rendered":"<p>Bei einem bewaffneten und vermutlich gezielten \u00dcberfall auf ein Auto eines Priesters sind am vergangenen Montag in Syrien der Geistliche und dessen mitgereister Vater get\u00f6tet worden. Ein weiterer Mitfahrer wurde verletzt, einem vierten Insassen gelang die Flucht.<\/p>\n<p>Wie der armenisch-katholische Erzbischof von Aleppo, Boutros Marayati, gegen\u00fcber dem internationalen Hilfswerk \u201eKirche in Not\u201c berichtete, waren die vier M\u00e4nner auf dem Weg nach Deir ez-Zor, rund 350 Kilometer \u00f6stlich von Aleppo, um dort die Baustellen von H\u00e4usern und der Kirche besuchen, die zurzeit wiederaufgebaut werden. Kurz vor ihrem Ziel seien die Reisenden von zwei bewaffneten Personen auf einem Motorrad \u00fcberholt worden, die sofort das Feuer er\u00f6ffnet h\u00e4tten. Pfarrer Hovsep Hanna Bedoyan (43) wurde so schwer verletzt, dass er auf dem Weg zum Krankenhaus starb. Sein Vater war sofort tot.<\/p>\n<p>Die Untersuchungen des Vorfalls seien noch im Gange. Daher wisse man noch nicht, wer sie get\u00f6tet habe, auch wenn sich offenbar der IS zu dem \u00dcberfall bekannt habe, so der Erzbischof. \u201eSicher ist, dass Pfarrer Hovsep einen Priesterkragen trug und daher erkennbar war, ebenso sein Auto, das auf dem Heck die Aufschrift ,Armenisch-katholische Kirche\u2018 trug.\u201c<\/p>\n<p>So k\u00f6nne man davon ausgehen, dass der Geistliche wegen seines Priesteramts und aufgrund seines Beitrags zur Wiederherstellung der christlichen Pr\u00e4senz in Deir ez-Zor get\u00f6tet worden sei, vermutet Erzbischof Marayati. Die Stadt im Osten Syriens ist seit Beginn des Krieges besonders umk\u00e4mpft. Der IS eroberte Deir ez-Zor im Jahr 2014, erst drei Jahre sp\u00e4ter konnten syrische Streitkr\u00e4fte die IS-K\u00e4mpfer vertreiben.<\/p>\n<p>Der armenisch-katholische Priester Hovsep Hanna Bedoyan wurde in der Stadt Kamischli (Qamishli) im Nordosten Syriens beigesetzt. Die Stadt liegt in der Grenzregion zur T\u00fcrkei und zum Irak. Hier komme es aufgrund der K\u00e4mpfe zwischen T\u00fcrken und Kurden derzeit zu schweren Spannungen, sagt Erzbischof Marayati. \u201eDie Situation ist chaotisch. Es sind T\u00fcrken, Kurden, Amerikaner und Russen vor Ort. Die Christen haben gro\u00dfe Angst, und bei jedem Gewaltausbruch entscheiden sich viele Familien f\u00fcr eine Auswanderung.\u201c Vor dem Krieg h\u00e4tten 5000 armenische Katholiken in der Stadt gelebt, heute seien es nur noch rund 2000. Von den einstmals f\u00fcnf Kirchen seien nur noch zwei ge\u00f6ffnet.<\/p>\n<p>Erzbischof Marayati appellierte im Gespr\u00e4ch mit \u201eKirche in Not\u201c an die internationale Gemeinschaft: \u201eWir bitten nur darum, dass dieser Krieg aufh\u00f6rt. Aber das kann nicht geschehen, wenn Sie weiterhin den Terroristen helfen und Waffen nach Syrien schicken.\u201c An die Christen in der Welt gewandt sagte er: \u201eIch bitte Sie: Beten Sie f\u00fcr uns und unser Volk! Wir durchleben eine extrem schwierige Zeit.\u201c<\/p>\n","protected":false},"excerpt":{"rendered":"<p>Bei einem bewaffneten und vermutlich gezielten \u00dcberfall auf ein Auto eines Priesters sind am vergangenen Montag in Syrien der Geistliche und dessen mitgereister Vater get\u00f6tet worden. Ein weiterer Mitfahrer wurde verletzt, einem vierten Insassen gelang die Flucht. Wie der armenisch-katholische Erzbischof von Aleppo, Boutros Marayati, gegen\u00fcber dem internationalen Hilfswerk \u201eKirche in Not\u201c berichtete, waren die [&hellip;]<\/p>\n","protected":false},"author":1,"featured_media":1926,"comment_status":"closed","ping_status":"open","sticky":false,"template":"","format":"standard","meta":{"footnotes":""},"categories":[200],"tags":[4,64,39,16],"class_list":["post-1927","post","type-post","status-publish","format-standard","has-post-thumbnail","hentry","category-syrien","tag-christenverfolgung","tag-mord","tag-naher-osten","tag-syrien"],"_links":{"self":[{"href":"https:\/\/www.kircheinnot.at\/christenverfolgung\/wp-json\/wp\/v2\/posts\/1927","targetHints":{"allow":["GET"]}}],"collection":[{"href":"https:\/\/www.kircheinnot.at\/christenverfolgung\/wp-json\/wp\/v2\/posts"}],"about":[{"href":"https:\/\/www.kircheinnot.at\/christenverfolgung\/wp-json\/wp\/v2\/types\/post"}],"author":[{"embeddable":true,"href":"https:\/\/www.kircheinnot.at\/christenverfolgung\/wp-json\/wp\/v2\/users\/1"}],"replies":[{"embeddable":true,"href":"https:\/\/www.kircheinnot.at\/christenverfolgung\/wp-json\/wp\/v2\/comments?post=1927"}],"version-history":[{"count":1,"href":"https:\/\/www.kircheinnot.at\/christenverfolgung\/wp-json\/wp\/v2\/posts\/1927\/revisions"}],"predecessor-version":[{"id":2963,"href":"https:\/\/www.kircheinnot.at\/christenverfolgung\/wp-json\/wp\/v2\/posts\/1927\/revisions\/2963"}],"wp:featuredmedia":[{"embeddable":true,"href":"https:\/\/www.kircheinnot.at\/christenverfolgung\/wp-json\/wp\/v2\/media\/1926"}],"wp:attachment":[{"href":"https:\/\/www.kircheinnot.at\/christenverfolgung\/wp-json\/wp\/v2\/media?parent=1927"}],"wp:term":[{"taxonomy":"category","embeddable":true,"href":"https:\/\/www.kircheinnot.at\/christenverfolgung\/wp-json\/wp\/v2\/categories?post=1927"},{"taxonomy":"post_tag","embeddable":true,"href":"https:\/\/www.kircheinnot.at\/christenverfolgung\/wp-json\/wp\/v2\/tags?post=1927"}],"curies":[{"name":"wp","href":"https:\/\/api.w.org\/{rel}","templated":true}]}}