{"id":2019,"date":"2020-05-26T13:23:06","date_gmt":"2020-05-26T11:23:06","guid":{"rendered":"http:\/\/localhost\/christenverfolgung\/erneut-14-jaehrige-christin-entfuehrt-html\/"},"modified":"2023-02-20T12:40:48","modified_gmt":"2023-02-20T11:40:48","slug":"erneut-14-jaehrige-christin-entfuehrt-html","status":"publish","type":"post","link":"https:\/\/www.kircheinnot.at\/christenverfolgung\/erneut-14-jaehrige-christin-entfuehrt-html\/","title":{"rendered":"Erneut 14-j\u00e4hrige Christin entf\u00fchrt"},"content":{"rendered":"<p class=\"mcntMsoNormal\"><span>W\u00e4hrend der Corona-bedingten Ausgangssperren ist in Pakistan ein minderj\u00e4hriges M\u00e4dchen entf\u00fchrt, zwangsverheiratet und zur Konversion zum Islam gezwungen worden. Es handelt sich um die 14-j\u00e4hrige Katholikin Maira Shahbaz aus Faisalabad im Nordwesten des Landes.<\/span><\/p>\n<p class=\"mcntMsoNormal\"><span>Der Hauptt\u00e4ter, der Muslim Mohamad Nakash, habe das M\u00e4dchen zur Frau genommen und sie gezwungen, ihren christlichen Glauben aufzugeben. Dies berichtete Anwalt Khalil Tahir Sandhu, dem weltweiten katholischen Hilfswerk \u201eKirche in Not\u201c. Er vertritt die Familie der Entf\u00fchrten. Laut Zeugenaussagen wurde das M\u00e4dchen am 28. April von drei M\u00e4nnern auf offener Stra\u00dfe in ein Auto gezogen. Beim Wegfahren h\u00e4tten die M\u00e4nner in die Luft geschossen.<\/span><\/p>\n<p class=\"mcntMsoNormal\"><strong><span>Gericht gibt Entf\u00fchrer recht \u2013 Revision angek\u00fcndigt<\/span><\/strong><\/p>\n<p class=\"mcntMsoNormal\"><span>In einem Schnellverfahren vor dem Magistratsgericht Faisalabad habe der Entf\u00fchrer Dokumente vorgelegt, die belegen sollten, dass er und das M\u00e4dchen bereits im vergangenen Oktober geheiratet h\u00e4tten. Au\u00dferdem behauptete er, dass M\u00e4dchen sei bereits 19 Jahre alt, so der christliche Anwalt. Am Tag der Verhandlung seien rund 150 M\u00e4nner zum Gericht gekommen, um den Entf\u00fchrer zu unterst\u00fctzen. Diese h\u00e4tten auch Druck auf den Staatsanwalt ausge\u00fcbt.&nbsp;<\/span><\/p>\n<p class=\"mcntMsoNormal\"><span>Mairas Familie habe anhand von Urkunden, kirchlichen Dokumenten und Schulunterlagen zu beweisen versucht, dass Maira noch minderj\u00e4hrig sei. Das Gericht setzte sich dar\u00fcber hinweg und gab dem Entf\u00fchrer recht. Dieser sei bereits verheiratet und Vater zweier Kinder. Er lebe nicht weit vom Haus der christlichen Familie entfernt und habe Maira so kennengelernt.<\/span><\/p>\n<p class=\"mcntMsoNormal\"><span>\u201eMenschen, die einem Kind so etwas antun, behandeln uns nicht wie menschliche Wesen, sondern wie Tiere\u201c, beklagte Sandhu. Er werde gegen die Entscheidung Berufung einlegen \u2013 falls n\u00f6tig bis vor den Obersten Gerichtshof Pakistans. Dieser hatte im Oktober 2018 auch das Todesurteil gegen die wegen angeblicher Blasphemie verurteilte Christin Asia Bibi gekippt. Der Fall hat weltweit Beachtung gefunden und in Pakistan eine Gewaltwelle radikaler Muslime ausgel\u00f6st.<\/span><\/p>\n<p class=\"mcntMsoNormal\"><strong><span>Mairas Familie geh\u00f6rt zu den \u00e4rmsten<\/span><\/strong><\/p>\n<p class=\"mcntMsoNormal\"><span>\u201eKirche in Not\u201c sprach auch mit der katholischen Menschenrechtlerin Lala Robin Daniel. Sie kennt das entf\u00fchrte M\u00e4dchen und ihre Angeh\u00f6rigen pers\u00f6nlich: \u201eDie Familie Shahbaz ist eine der \u00e4rmsten im Viertel. Sie verdienen ihr kleines Einkommen mit Putzen.\u201c Maira habe schon fr\u00fch die Schule verlassen m\u00fcssen, da sich die Familie das Schulgeld nicht mehr leisten konnte.<\/span><\/p>\n<p class=\"mcntMsoNormal\"><span>Nighat Shahbaz, die alleinerziehende Mutter der Entf\u00fchrten, ist nach der Tat mit einem Schock ins Krankenhaus eingeliefert worden. \u00dcber \u201eKirche in Not\u201c richtete sie einen Appell an die \u00d6ffentlichkeit: \u201eIch flehe darum, dass uns meine Tochter zur\u00fcckgegeben wird. Ich habe Angst, sie nie wieder zu sehen.\u201c <br \/><\/span><\/p>\n<p class=\"mcntMsoPlainText\"><span>Mairas Schicksal ist kein Einzelfall: Der Menschenrechtsorganisation \u201eBewegung f\u00fcr Solidarit\u00e4t und Frieden\u201c zufolge werden in Pakistan jedes Jahr rund 1000 christliche und hinduistische Frauen und M\u00e4dchen entf\u00fchrt und zwangsverheiratet. \u201eKirche in Not\u201c unterst\u00fctzt und begleitet aktuell den Fall eines weiteren 14-j\u00e4hrigen M\u00e4dchens, der Katholikin Huma Younus. Sie wurde im Oktober 2019 aus ihrem Elternhaus in Karatschi verschleppt. Auch hier l\u00e4uft ein Revisionsverfahren.<\/span><\/p>\n","protected":false},"excerpt":{"rendered":"<p>W\u00e4hrend der Corona-bedingten Ausgangssperren ist in Pakistan ein minderj\u00e4hriges M\u00e4dchen entf\u00fchrt, zwangsverheiratet und zur Konversion zum Islam gezwungen worden. Es handelt sich um die 14-j\u00e4hrige Katholikin Maira Shahbaz aus Faisalabad im Nordwesten des Landes. Der Hauptt\u00e4ter, der Muslim Mohamad Nakash, habe das M\u00e4dchen zur Frau genommen und sie gezwungen, ihren christlichen Glauben aufzugeben. Dies berichtete [&hellip;]<\/p>\n","protected":false},"author":1,"featured_media":2018,"comment_status":"closed","ping_status":"open","sticky":false,"template":"","format":"standard","meta":{"footnotes":""},"categories":[174],"tags":[27,63,8,9],"class_list":["post-2019","post","type-post","status-publish","format-standard","has-post-thumbnail","hentry","category-pakistan","tag-asien","tag-entfuhrung","tag-islamisierung","tag-pakistan"],"_links":{"self":[{"href":"https:\/\/www.kircheinnot.at\/christenverfolgung\/wp-json\/wp\/v2\/posts\/2019","targetHints":{"allow":["GET"]}}],"collection":[{"href":"https:\/\/www.kircheinnot.at\/christenverfolgung\/wp-json\/wp\/v2\/posts"}],"about":[{"href":"https:\/\/www.kircheinnot.at\/christenverfolgung\/wp-json\/wp\/v2\/types\/post"}],"author":[{"embeddable":true,"href":"https:\/\/www.kircheinnot.at\/christenverfolgung\/wp-json\/wp\/v2\/users\/1"}],"replies":[{"embeddable":true,"href":"https:\/\/www.kircheinnot.at\/christenverfolgung\/wp-json\/wp\/v2\/comments?post=2019"}],"version-history":[{"count":1,"href":"https:\/\/www.kircheinnot.at\/christenverfolgung\/wp-json\/wp\/v2\/posts\/2019\/revisions"}],"predecessor-version":[{"id":2917,"href":"https:\/\/www.kircheinnot.at\/christenverfolgung\/wp-json\/wp\/v2\/posts\/2019\/revisions\/2917"}],"wp:featuredmedia":[{"embeddable":true,"href":"https:\/\/www.kircheinnot.at\/christenverfolgung\/wp-json\/wp\/v2\/media\/2018"}],"wp:attachment":[{"href":"https:\/\/www.kircheinnot.at\/christenverfolgung\/wp-json\/wp\/v2\/media?parent=2019"}],"wp:term":[{"taxonomy":"category","embeddable":true,"href":"https:\/\/www.kircheinnot.at\/christenverfolgung\/wp-json\/wp\/v2\/categories?post=2019"},{"taxonomy":"post_tag","embeddable":true,"href":"https:\/\/www.kircheinnot.at\/christenverfolgung\/wp-json\/wp\/v2\/tags?post=2019"}],"curies":[{"name":"wp","href":"https:\/\/api.w.org\/{rel}","templated":true}]}}