{"id":2151,"date":"2020-12-09T08:46:47","date_gmt":"2020-12-09T07:46:47","guid":{"rendered":"http:\/\/localhost\/christenverfolgung\/freiheit-fuer-pater-stan-swamy-html\/"},"modified":"2023-02-16T16:03:07","modified_gmt":"2023-02-16T15:03:07","slug":"freiheit-fuer-pater-stan-swamy-html","status":"publish","type":"post","link":"https:\/\/www.kircheinnot.at\/christenverfolgung\/freiheit-fuer-pater-stan-swamy-html\/","title":{"rendered":"Freiheit f\u00fcr Pater Stan Swamy"},"content":{"rendered":"<p>KIRCHE IN NOT unterst\u00fctzt die internationalen Aufrufe zur Freilassung des 83-j\u00e4hrigen indischen Jesuitenpaters und Menschenrechtsaktivisten Stan Lourduswamy. Der allgemein Stan Swamy genannte Ordensmann engagiert sich seit Jahrzehnten im Bundesstaat Jharkhand im Nordosten Indiens f\u00fcr benachteiligte Menschen und die Auss\u00f6hnung bei Stammeskonflikten.<\/p>\n<p>Seit 8. Oktober 2020 ist Pater Swamy in Haft. Ihm wird vorgeworfen, Verbindungen zu maoistischen Gruppen zu unterhalten. Auch soll er im Dezember 2017 an einer Veranstaltung in der Stadt Pune im westindischen Bundesstaat Maharashtra teilgenommen haben, bei der es zu gewaltt\u00e4tigen \u00dcbergriffen gegen Sicherheitskr\u00e4fte kam. Der Verhaftung waren zwei Hausdurchsuchungen und mehrere Verh\u00f6re vorausgegangen, die teilweise \u00fcber 15 Stunden dauerten. Der Jesuit bestreitet die Vorw\u00fcrfe und jede Unterst\u00fctzung kommunistischer Netzwerke.<\/p>\n<p><strong>\u201ePater Swamys einziges Verbrechen bestand darin, Gerechtigkeit zu fordern\u201c<\/strong><\/p>\n<p>Der gesch\u00e4ftsf\u00fchrende Pr\u00e4sident von KIRCHE IN NOT, Dr. Thomas Heine-Geldern erkl\u00e4rte zu dem Fall:<\/p>\n<p>\u201eKIRCHE IN NOT tritt f\u00fcr die Freilassung von Pater Stan Swamy ein, der \u00fcber 40 Jahre lang im indischen Bundesstaat Jharkhand mit indigenen Gemeinschaften (Adivasi) gearbeitet hat, die gewaltsam aus ihren Gebieten vertrieben wurden, um Platz f\u00fcr Bergbau oder industrielle Landwirtschaftsprojekte zu schaffen. Sein einziges Verbrechen bestand darin, Gerechtigkeit zu fordern und den Missbrauch anzuprangern, dem die Adivasi in ihrer Region ausgesetzt sind.<\/p>\n<p>Es ist f\u00fcr uns unbegreiflich, warum Pater Stan Swamy die Freilassung auf Kaution verweigert wird, obwohl die Gesundheit des 83-j\u00e4hrigen Ordensmannes, der unter anderem an Parkinson leidet, stark angegriffen ist. Ihm wurden sogar mehr als 50 Tage lang elementare Hilfsmittel wie ein Trinkhalm oder ein Schnabelbecher vorenthalten.<\/p>\n<p>Der Fall von Pater Stan Swamy ist nur die Spitze des Eisbergs in Indien. Wir wissen, dass es andere F\u00e4lle von falschen Anschuldigungen gegen Priester und Katecheten gibt, mit dem Ziel, Angst zu sch\u00fcren und pastorale Mitarbeiter in ihren Bem\u00fchungen um bessere Lebensbedingungen f\u00fcr die Adivasi und Dalits (\u201eUnber\u00fchrbare\u201c) einzusch\u00fcchtern. (Bild:&nbsp;Communications Hub JCSA)<\/p>\n<p><strong>\u201eSehr besorgt \u00fcber Anwachsen des religi\u00f6sen Nationalismus\u201c<\/strong><\/p>\n<p>Wie unser Hilfswerk von Kontaktpersonen im Land erfahren hat, leiden viele Menschen auch unter dem Missbrauch der Anti-Konversionsgesetze, die in acht Bundesstaaten gelten und mit denen Zwangskonversion sowie Konversion anhand ,betr\u00fcgerischer Mittel\u2019 unter Strafe gestellt werden. Um den Gegner bei Streitigkeiten um Land, die in diesen von Indigenen bewohnten Regionen h\u00e4ufig vorkommen, abzuschrecken, werden beispielsweise Christen in Jharkhand oft f\u00e4lschlich beschuldigt, allein aufgrund der Aus\u00fcbung ihres Glaubens solche Gesetze zu brechen. Wir kennen F\u00e4lle von Betroffenen, die aufgrund dieser falschen Anschuldigungen Jahre im Gef\u00e4ngnis verbringen und so ihre gesetzlichen Rechte verlieren.<\/p>\n<p>KIRCHE IN NOT ist sehr besorgt \u00fcber das Anwachsen des religi\u00f6sen Nationalismus, der von Institutionen gef\u00f6rdert wird, die der indischen Regierung nahestehen. Dadurch wird die Bewegungsfreiheit der Christen in vielen D\u00f6rfern aus Angst vor fundamentalistischen Repressalien eingeschr\u00e4nkt. Ungerechtfertigte Verhaftungen wie die von Pater Stan Swamy scheinen oft nur ein Ziel zu haben: die Schw\u00e4chsten zum Schweigen zu bringen und einzusch\u00fcchtern.<\/p>\n<p>Wir rufen die internationalen politischen Institutionen dazu auf, sicherzustellen, dass die Aus\u00fcbung der Religionsfreiheit in Indien gew\u00e4hrleistet wird und dass die katholische Kirche weiter f\u00fcr die \u00c4rmsten der Armen arbeiten darf.\u201c<\/p>\n","protected":false},"excerpt":{"rendered":"<p>KIRCHE IN NOT unterst\u00fctzt die internationalen Aufrufe zur Freilassung des 83-j\u00e4hrigen indischen Jesuitenpaters und Menschenrechtsaktivisten Stan Lourduswamy. Der allgemein Stan Swamy genannte Ordensmann engagiert sich seit Jahrzehnten im Bundesstaat Jharkhand im Nordosten Indiens f\u00fcr benachteiligte Menschen und die Auss\u00f6hnung bei Stammeskonflikten. Seit 8. Oktober 2020 ist Pater Swamy in Haft. Ihm wird vorgeworfen, Verbindungen zu [&hellip;]<\/p>\n","protected":false},"author":1,"featured_media":2150,"comment_status":"closed","ping_status":"open","sticky":false,"template":"","format":"standard","meta":{"footnotes":""},"categories":[176],"tags":[27,3,53],"class_list":["post-2151","post","type-post","status-publish","format-standard","has-post-thumbnail","hentry","category-indien","tag-asien","tag-indien","tag-verhaftung"],"_links":{"self":[{"href":"https:\/\/www.kircheinnot.at\/christenverfolgung\/wp-json\/wp\/v2\/posts\/2151","targetHints":{"allow":["GET"]}}],"collection":[{"href":"https:\/\/www.kircheinnot.at\/christenverfolgung\/wp-json\/wp\/v2\/posts"}],"about":[{"href":"https:\/\/www.kircheinnot.at\/christenverfolgung\/wp-json\/wp\/v2\/types\/post"}],"author":[{"embeddable":true,"href":"https:\/\/www.kircheinnot.at\/christenverfolgung\/wp-json\/wp\/v2\/users\/1"}],"replies":[{"embeddable":true,"href":"https:\/\/www.kircheinnot.at\/christenverfolgung\/wp-json\/wp\/v2\/comments?post=2151"}],"version-history":[{"count":1,"href":"https:\/\/www.kircheinnot.at\/christenverfolgung\/wp-json\/wp\/v2\/posts\/2151\/revisions"}],"predecessor-version":[{"id":2851,"href":"https:\/\/www.kircheinnot.at\/christenverfolgung\/wp-json\/wp\/v2\/posts\/2151\/revisions\/2851"}],"wp:featuredmedia":[{"embeddable":true,"href":"https:\/\/www.kircheinnot.at\/christenverfolgung\/wp-json\/wp\/v2\/media\/2150"}],"wp:attachment":[{"href":"https:\/\/www.kircheinnot.at\/christenverfolgung\/wp-json\/wp\/v2\/media?parent=2151"}],"wp:term":[{"taxonomy":"category","embeddable":true,"href":"https:\/\/www.kircheinnot.at\/christenverfolgung\/wp-json\/wp\/v2\/categories?post=2151"},{"taxonomy":"post_tag","embeddable":true,"href":"https:\/\/www.kircheinnot.at\/christenverfolgung\/wp-json\/wp\/v2\/tags?post=2151"}],"curies":[{"name":"wp","href":"https:\/\/api.w.org\/{rel}","templated":true}]}}