{"id":2187,"date":"2021-02-01T13:06:57","date_gmt":"2021-02-01T12:06:57","guid":{"rendered":"http:\/\/localhost\/christenverfolgung\/die-solidaritaet-gibt-mir-kraft-und-mut-html\/"},"modified":"2023-02-20T12:30:27","modified_gmt":"2023-02-20T11:30:27","slug":"die-solidaritaet-gibt-mir-kraft-und-mut-html","status":"publish","type":"post","link":"https:\/\/www.kircheinnot.at\/christenverfolgung\/die-solidaritaet-gibt-mir-kraft-und-mut-html\/","title":{"rendered":"&#8222;Die Solidarit\u00e4t gibt mir Kraft und Mut&#8220;"},"content":{"rendered":"<p>&#8222;Ich sch\u00e4tze die \u00fcberw\u00e4ltigende Solidarit\u00e4t, die viele Menschen auf der ganzen Welt mir w\u00e4hrend meiner 100t\u00e4gigen Haft zum Ausdruck gebracht haben, zutiefst. Manchmal hat mir die Nachricht von so viel Solidarit\u00e4t immense Kraft und Mut gegeben. Denn das das einzig Sichere im Gef\u00e4ngnis ist die Unsicherheit\u201c, so der 83-j\u00e4hrige indische Jesuitenpater Stan Swamy, der seit dem 8. Oktober wegen angeblicher Volksverhetzung im Gef\u00e4ngnis ist.&nbsp;<\/p>\n<p> Trotz des Alters und der schweren Form von Parkinson, an der er leidet, sitzt der Jesuit zusammen mit weiteren 15 anderen Aktivisten und NGO-Mitgliedern in Haft, denen im Rahmen des &#8222;Gesetzes zur Verh\u00fctung illegaler Aktivit\u00e4ten&#8220; Terrorismus und Volksverhetzung vorgeworfen werden. Sie sollen mit den maoistischen Rebellen zusammenarbeiten. Alle engagierten sich f\u00fcr den Schutz der Rechte des Volksstammes der Adivasis in Jhakarland. Die Rechte der Ureinwohner werden regelm\u00e4\u00dfig von Gro\u00dfgrundbesitzern oder multinationalen Unternehmen missbraucht, wobei Menschenrechte und soziale und kulturelle Rechte verletzt werden.<\/p>\n<p> In einer Stellungnahmen von Pater Swamy, die von den indischen Jesuiten ver\u00f6ffentlicht wurde, die ihn im Gef\u00e4ngnis besuchten sagt der inhaftierte Ordensmann: &#8222;Eine weitere Quellle der St\u00e4rke in diesen letzten hundert Tagen war es, die schwierige Situation der anderen Gefangenen zu beobachten. Die meisten von ihnen stammen aus wirtschaftlich und sozial schw\u00e4cheren Bev\u00f6lkerungsgruppen. Viele dieser armen Menschen wissen nicht einmal, welche Anklagen gegen sie erhoben wurde und haben ihre Anklageschrift nie gesehen. Sie bleiben jahrelang ohne rechtliche Unterst\u00fctzung im Gef\u00e4ngnis. Insgesamt m\u00fcssen die Gefangenen mit dem N\u00f6tigsten leben, ob arm oder reich. Dieser Zustand schafft ein Gef\u00fchl der Br\u00fcderlichkeit und der Solidarit\u00e4t der Gemeinschaft derGefangenen: Man erf\u00e4hrt, dass es m\u00f6glich ist, sich gegenseitig zu unterst\u00fctzen trotz aller Widrigkeiten&#8220;.<\/p>\n<p> Pater Swamy erinnert abschlie\u00dfend an die anderen Aktivisten, die zusammen mit ihm inhafriert wurden: &#8222;Wir 16 Angeklagten k\u00f6nnen uns nicht treffen, da wir in verschiedenen Gef\u00e4ngnissen oder in verschiedenen Abteilungen innerhalb desselben Gef\u00e4ngnisses untergebracht sind. Aber wir werden auch k\u00fcnftig im Chor unsere Stimme erheben. Ein Vogel kann noch singen, auch wenn er im K\u00e4fig ist &#8222;.<\/p>\n<p> Eine beherzte Botschaft der Solidarit\u00e4t bringt unterdessen auch Pater Arturo Sosa, Generaloberer der Gesellschaft Jesu, in einer Videobotschaft zum Ausdruck. &#8222;Pater Stan widmete sein ganzes Leben den \u00c4rmsten der Welt, den indigenen Adivasi und die Dalits\u201c, so der Generalobere, \u201eEr ist die Stimme der Stimmlosen. Er hat sich vor die M\u00e4chtigen gestellt und ihnen die Wahrheit gesagt, er setzt sich f\u00fcr die Verteidigung der Menschenrechte von Minderheiten ein&#8220;. Die Gesellschaft Jesu hat einen internationalen Aufruf zur sofortigen Freilassung eingereicht, in dem der Orden seine v\u00f6llige Unschuld bekr\u00e4ftigt und auf seine prek\u00e4ren Gesundheitszustand hinweist. <\/p>\n<p> Bisher hatten alle Versuche und die Appelle f\u00fcr die Freilassung des Jesuitenpaters &#8211; die j\u00fcngst auch von drei indischen Kardin\u00e4len, bei einem Gespr\u00e4ch mit Premierminister Narendra Modi vorgetragen wurden, keine Wirkung. (Quelle: Fidesdienst, Bild:&nbsp;Communications Hub JCSA)<\/p>\n","protected":false},"excerpt":{"rendered":"<p>&#8222;Ich sch\u00e4tze die \u00fcberw\u00e4ltigende Solidarit\u00e4t, die viele Menschen auf der ganzen Welt mir w\u00e4hrend meiner 100t\u00e4gigen Haft zum Ausdruck gebracht haben, zutiefst. Manchmal hat mir die Nachricht von so viel Solidarit\u00e4t immense Kraft und Mut gegeben. Denn das das einzig Sichere im Gef\u00e4ngnis ist die Unsicherheit\u201c, so der 83-j\u00e4hrige indische Jesuitenpater Stan Swamy, der seit [&hellip;]<\/p>\n","protected":false},"author":1,"featured_media":2186,"comment_status":"closed","ping_status":"open","sticky":false,"template":"","format":"standard","meta":{"footnotes":""},"categories":[176],"tags":[27,3,53,84],"class_list":["post-2187","post","type-post","status-publish","format-standard","has-post-thumbnail","hentry","category-indien","tag-asien","tag-indien","tag-verhaftung","tag-verurteilung"],"_links":{"self":[{"href":"https:\/\/www.kircheinnot.at\/christenverfolgung\/wp-json\/wp\/v2\/posts\/2187","targetHints":{"allow":["GET"]}}],"collection":[{"href":"https:\/\/www.kircheinnot.at\/christenverfolgung\/wp-json\/wp\/v2\/posts"}],"about":[{"href":"https:\/\/www.kircheinnot.at\/christenverfolgung\/wp-json\/wp\/v2\/types\/post"}],"author":[{"embeddable":true,"href":"https:\/\/www.kircheinnot.at\/christenverfolgung\/wp-json\/wp\/v2\/users\/1"}],"replies":[{"embeddable":true,"href":"https:\/\/www.kircheinnot.at\/christenverfolgung\/wp-json\/wp\/v2\/comments?post=2187"}],"version-history":[{"count":1,"href":"https:\/\/www.kircheinnot.at\/christenverfolgung\/wp-json\/wp\/v2\/posts\/2187\/revisions"}],"predecessor-version":[{"id":2833,"href":"https:\/\/www.kircheinnot.at\/christenverfolgung\/wp-json\/wp\/v2\/posts\/2187\/revisions\/2833"}],"wp:featuredmedia":[{"embeddable":true,"href":"https:\/\/www.kircheinnot.at\/christenverfolgung\/wp-json\/wp\/v2\/media\/2186"}],"wp:attachment":[{"href":"https:\/\/www.kircheinnot.at\/christenverfolgung\/wp-json\/wp\/v2\/media?parent=2187"}],"wp:term":[{"taxonomy":"category","embeddable":true,"href":"https:\/\/www.kircheinnot.at\/christenverfolgung\/wp-json\/wp\/v2\/categories?post=2187"},{"taxonomy":"post_tag","embeddable":true,"href":"https:\/\/www.kircheinnot.at\/christenverfolgung\/wp-json\/wp\/v2\/tags?post=2187"}],"curies":[{"name":"wp","href":"https:\/\/api.w.org\/{rel}","templated":true}]}}