{"id":2403,"date":"2021-11-30T14:35:31","date_gmt":"2021-11-30T13:35:31","guid":{"rendered":"http:\/\/localhost\/christenverfolgung\/christen-fuehlen-sich-bedroht-html\/"},"modified":"2023-02-20T12:11:54","modified_gmt":"2023-02-20T11:11:54","slug":"christen-fuehlen-sich-bedroht-html","status":"publish","type":"post","link":"https:\/\/www.kircheinnot.at\/christenverfolgung\/christen-fuehlen-sich-bedroht-html\/","title":{"rendered":"Christen f\u00fchlen sich bedroht"},"content":{"rendered":"<p>&#8222;Es ist das erste Mal, dass ein Sprengsatz auf der Stra\u00dfe platziert wird, die von Niamey zur Grenze mit Burkina Faso f\u00fchrt. Bei der Explosion wurden mindestens drei Menschen get\u00f6tet und mehrere verletzt, einige von ihnen schwer. Ein Pick-up, der Soldaten geh\u00f6rte, die nach Makalondi fahren wollten, um ihren Kameraden in Not zu helfen, wurde ebenfalls zerst\u00f6rt\u201c, so Pater Mauro Armanino, ein Priester der Gesellschaft f\u00fcr Afrikamissionen, in einem Bericht \u00fcber einem weiteren Anschlag in der N\u00e4he der Di\u00f6zese Niamey.<\/p>\n<p> Der Vorfall, auf den sich der Missionar bezieht, ereignete sich am Samstag, den 27. November, und in dessen Folge war es dem Pfarrer und den Ordensleute nicht m\u00f6glich, \u201edie vielen Gl\u00e4ubigen der Gemeinde Makalondi zu besuchen und zu tr\u00f6sten. Die Feier des ersten Adventssonntags wurde von den Katecheten und Gemeindeanimateuren geleitet, ohne uns.&#8220;<\/p>\n<p> Christlichen Gemeinden in den D\u00f6rfern sind zwar nicht die einzigen, die sich aufgrund ihres Glaubens bedroht und eingesch\u00fcchtert f\u00fchlen, aber sie sind besonders betroffen. Die Di\u00f6zese Niamey sorgt unterdessen daf\u00fcr ein, dass f\u00fcr die Grundsch\u00fcler in den Verwaltungseinheiten Makalondi und Torodi, die weniger als 100 Kilometer von der Hauptstadt entfernt sind, mit Lebensmitteln und Schulgeld bereit gestellt werden. &#8222;Aus den D\u00f6rfer der ehemaligen Pfarrei von Pater Pierluigi Maccalli, der entf\u00fchrt und dann freigelassen wurde (vgl. Fides 9\/10\/2020) fliehen die Menschen und die Kinder sind gezwungen, die Schule zu verlassen und ihren Bildungsweg zu unterbrechen oder anderswo fortzusetzen&#8220;, erkl\u00e4rt der Missionar.<\/p>\n<p> &#8222;Der Einsatz von improvisierten Sprengs\u00e4tzen auf der Stra\u00dfe zur Grenze ist ein neuer und beunruhigender Beweis f\u00fcr die zunehmende F\u00e4higkeit bewaffneter Gruppen, Tod und Verw\u00fcstung zu stiften&#8220;, beklagt Pater Armanino. &#8222;In einem anderen von Unruhen betroffenen Gebiet der Di\u00f6zese, in Dolbel, wurde vor einigen Tagen ein Mobilfunkmast von bewaffneten Gruppen nieder gerissen. Die Angst w\u00e4chst unter den Menschen, die sich jeden Tag ein bisschen mehr verlassen f\u00fchlen. Deshalb scheint es an der Zeit zu sein, aufzustehen und nach oben zu schauen, denn die Zeit der Hoffnung auf unserem schwierigen Weg in der N\u00e4he der Grenze ist nahe\u201c. (Quelle: Fidesdienst, Bild: TUBS\/wikipedia)<\/p>\n","protected":false},"excerpt":{"rendered":"<p>&#8222;Es ist das erste Mal, dass ein Sprengsatz auf der Stra\u00dfe platziert wird, die von Niamey zur Grenze mit Burkina Faso f\u00fchrt. Bei der Explosion wurden mindestens drei Menschen get\u00f6tet und mehrere verletzt, einige von ihnen schwer. Ein Pick-up, der Soldaten geh\u00f6rte, die nach Makalondi fahren wollten, um ihren Kameraden in Not zu helfen, wurde [&hellip;]<\/p>\n","protected":false},"author":1,"featured_media":2402,"comment_status":"closed","ping_status":"open","sticky":false,"template":"","format":"standard","meta":{"footnotes":""},"categories":[185],"tags":[6,8,101],"class_list":["post-2403","post","type-post","status-publish","format-standard","has-post-thumbnail","hentry","category-niger","tag-afrika","tag-islamisierung","tag-niger"],"_links":{"self":[{"href":"https:\/\/www.kircheinnot.at\/christenverfolgung\/wp-json\/wp\/v2\/posts\/2403","targetHints":{"allow":["GET"]}}],"collection":[{"href":"https:\/\/www.kircheinnot.at\/christenverfolgung\/wp-json\/wp\/v2\/posts"}],"about":[{"href":"https:\/\/www.kircheinnot.at\/christenverfolgung\/wp-json\/wp\/v2\/types\/post"}],"author":[{"embeddable":true,"href":"https:\/\/www.kircheinnot.at\/christenverfolgung\/wp-json\/wp\/v2\/users\/1"}],"replies":[{"embeddable":true,"href":"https:\/\/www.kircheinnot.at\/christenverfolgung\/wp-json\/wp\/v2\/comments?post=2403"}],"version-history":[{"count":1,"href":"https:\/\/www.kircheinnot.at\/christenverfolgung\/wp-json\/wp\/v2\/posts\/2403\/revisions"}],"predecessor-version":[{"id":2725,"href":"https:\/\/www.kircheinnot.at\/christenverfolgung\/wp-json\/wp\/v2\/posts\/2403\/revisions\/2725"}],"wp:featuredmedia":[{"embeddable":true,"href":"https:\/\/www.kircheinnot.at\/christenverfolgung\/wp-json\/wp\/v2\/media\/2402"}],"wp:attachment":[{"href":"https:\/\/www.kircheinnot.at\/christenverfolgung\/wp-json\/wp\/v2\/media?parent=2403"}],"wp:term":[{"taxonomy":"category","embeddable":true,"href":"https:\/\/www.kircheinnot.at\/christenverfolgung\/wp-json\/wp\/v2\/categories?post=2403"},{"taxonomy":"post_tag","embeddable":true,"href":"https:\/\/www.kircheinnot.at\/christenverfolgung\/wp-json\/wp\/v2\/tags?post=2403"}],"curies":[{"name":"wp","href":"https:\/\/api.w.org\/{rel}","templated":true}]}}