{"id":283,"date":"2013-09-25T06:45:29","date_gmt":"2013-09-25T06:45:29","guid":{"rendered":"http:\/\/localhost\/christenverfolgung\/zahl-der-schulen-relig-minderheiten-gesunken-html\/"},"modified":"2022-12-06T15:33:34","modified_gmt":"2022-12-06T15:33:34","slug":"zahl-der-schulen-relig-minderheiten-gesunken-html","status":"publish","type":"post","link":"https:\/\/www.kircheinnot.at\/christenverfolgung\/zahl-der-schulen-relig-minderheiten-gesunken-html\/","title":{"rendered":"Zahl der Schulen relig. Minderheiten gesunken"},"content":{"rendered":"<p>Heute gibt es in der T\u00fcrkei insgesamt nur noch 22 Schulen christlicher Minderheiten: zur Zeit des Osmanischen Reichs waren es \u00fcber 6.000. Dies geht aus einem Dossier hervor, das die Stiftung \u201eTarih Vakfi\u201c vor kurzem ver\u00f6ffentlichte und das die Schwierigkeiten und Probleme dokumentiert, mit denen sich Bildungseinrichtungen ethnischer und religi\u00f6ser Minderheiten in der T\u00fcrkei in der Vergangenheit und in der Gegenwart konfrontiert sehen. Die gesammelten Daten belegen, dass es im Jahr 1894 in der T\u00fcrkei insgesamt 6.437 Schulen von Minderheiten gab. Ihre Zahl sank bereits in den ersten Jahren nach der Gr\u00fcndung der t\u00fcrkischen Republik auf 138 nachdem die nationalistische Politik des Komitees f\u00fcr Einheit und Forschritt mit dem Ziel des einheitlichen Modells des \u201et\u00fcrkischen B\u00fcrgers\u201c die Politik der Ausweisung von Minderheiten inspirierte. Auf der Grundlage der nationalistischen Mentalit\u00e4t galten Schulen der Minderheiten als Hindernis auf dem Weg zur Vereinheitlichung.<br \/>\nIn der heutigen T\u00fcrkei gibt es deshalb nur noch 22. Schulen von Minderheiten, davon 16 in Tr\u00e4gerschaft der armenischen, 5 in Tr\u00e4gerschaft der griechischen und eine in Tr\u00e4gerschaft der j\u00fcdischen Gemeinschaft. (Quelle: Fidesdienst, Foto: OscarKosy)<\/p>\n","protected":false},"excerpt":{"rendered":"<p>Heute gibt es in der T\u00fcrkei insgesamt nur noch 22 Schulen christlicher Minderheiten: zur Zeit des Osmanischen Reichs waren es \u00fcber 6.000. Dies geht aus einem Dossier hervor, das die Stiftung \u201eTarih Vakfi\u201c vor kurzem ver\u00f6ffentlichte und das die Schwierigkeiten und Probleme dokumentiert, mit denen sich Bildungseinrichtungen ethnischer und religi\u00f6ser Minderheiten in der T\u00fcrkei in [&hellip;]<\/p>\n","protected":false},"author":1,"featured_media":282,"comment_status":"closed","ping_status":"open","sticky":false,"template":"","format":"standard","meta":{"footnotes":""},"categories":[1],"tags":[30,28,39],"class_list":["post-283","post","type-post","status-publish","format-standard","has-post-thumbnail","hentry","category-uncategorized","tag-diskriminierung-intoleranz","tag-europa","tag-naher-osten"],"_links":{"self":[{"href":"https:\/\/www.kircheinnot.at\/christenverfolgung\/wp-json\/wp\/v2\/posts\/283","targetHints":{"allow":["GET"]}}],"collection":[{"href":"https:\/\/www.kircheinnot.at\/christenverfolgung\/wp-json\/wp\/v2\/posts"}],"about":[{"href":"https:\/\/www.kircheinnot.at\/christenverfolgung\/wp-json\/wp\/v2\/types\/post"}],"author":[{"embeddable":true,"href":"https:\/\/www.kircheinnot.at\/christenverfolgung\/wp-json\/wp\/v2\/users\/1"}],"replies":[{"embeddable":true,"href":"https:\/\/www.kircheinnot.at\/christenverfolgung\/wp-json\/wp\/v2\/comments?post=283"}],"version-history":[{"count":1,"href":"https:\/\/www.kircheinnot.at\/christenverfolgung\/wp-json\/wp\/v2\/posts\/283\/revisions"}],"predecessor-version":[{"id":3785,"href":"https:\/\/www.kircheinnot.at\/christenverfolgung\/wp-json\/wp\/v2\/posts\/283\/revisions\/3785"}],"wp:featuredmedia":[{"embeddable":true,"href":"https:\/\/www.kircheinnot.at\/christenverfolgung\/wp-json\/wp\/v2\/media\/282"}],"wp:attachment":[{"href":"https:\/\/www.kircheinnot.at\/christenverfolgung\/wp-json\/wp\/v2\/media?parent=283"}],"wp:term":[{"taxonomy":"category","embeddable":true,"href":"https:\/\/www.kircheinnot.at\/christenverfolgung\/wp-json\/wp\/v2\/categories?post=283"},{"taxonomy":"post_tag","embeddable":true,"href":"https:\/\/www.kircheinnot.at\/christenverfolgung\/wp-json\/wp\/v2\/tags?post=283"}],"curies":[{"name":"wp","href":"https:\/\/api.w.org\/{rel}","templated":true}]}}