{"id":29,"date":"2012-12-04T10:08:04","date_gmt":"2012-12-04T09:08:04","guid":{"rendered":"http:\/\/localhost\/christenverfolgung\/blasphemievorwuerfe-gegen-christl-schule-html\/"},"modified":"2023-02-17T12:55:05","modified_gmt":"2023-02-17T11:55:05","slug":"blasphemievorwuerfe-gegen-christl-schule-html","status":"publish","type":"post","link":"https:\/\/www.kircheinnot.at\/christenverfolgung\/blasphemievorwuerfe-gegen-christl-schule-html\/","title":{"rendered":"Blasphemievorw\u00fcrfe gegen christliche Schule"},"content":{"rendered":"<p><span>Der umstrittene Blasphemieparagraph fordert in Pakistan unter Christen und Muslimen weitere Opfer. Aufgebrachte Muslime bedrohte das christliche ,,Community Education Center&#8220; in Azad Town in der N\u00e4he von Lahore (Punjab), das vorwiegend von muslimischen Sch\u00fclern aus armen Familien besucht wird, wegen angeblicher Blasphemie. Wie die Nichtregierungsorganisation ,,World Vision in Progress&#8220; berichtet, &nbsp;sdoll der Imam in Azwad Town in seiner Moschee verk\u00fcndete haben, dass Mitarbeiter der christlichen Schule Koranseiten zerrissen haben. Eine entsprechende Information soll er durch einen anonymen Telefonanruf erhalten haben. Hunderte aufgebrachte Muslime begaben sich daraufhin zum Schultor und zwangen eine Mitarbeiterin zur Aush\u00e4ndigung der Schl\u00fcssel. Die Polizei konnte die Pl\u00fcnderung der Schule verhindern. Die Anw\u00e4lte von ,,World Vision in Progress&#8220; erstatteten bei der Polizei Anzeige wegen versuchter Verleumdung der Schule, die nach Angaben der Eltern muslimischer Sch\u00fcler, ,,nie versucht hat, etwas gegen den Islam zu lehren&#8220;. Der christliche Anwalt der Organisation ,,Legal Evangelical Association Development&#8220; (LEAD), Mushtaq Gill, berichtet dem Fidesdienst unterdessen vom Tod des 22j\u00e4hrigen Muslims Nadeem, der in den vergangenen Tagen wegen angeblicher Blasphemie in Nankana Sahab (Punjab) festgenommen wurde, nachdem ein anderer Muslim ihn angezeigt hatte. Gestern starb der junge Mann in der Untersuchungshaft. Wie Muhstaq Gill betont, k\u00f6nnte der Tod eine Folge von Misshandlungen sein: ,,Nadeem&#8220;, so der Anwalt im Gespr\u00e4ch mit dem Fidesdienst, ,,ging es gut, als er festgenommen wurde. Im Gef\u00e4ngnis soll er unter Brechreiz gelitten haben, wonach die Beamten ihn ins Krankenhaus brachten. Dort wurde sein Tod festgestellt. Wir werden eine Obduktion fordern.&#8220; (Quelle: Fidesdienst)<\/span><\/p>\n","protected":false},"excerpt":{"rendered":"<p>Der umstrittene Blasphemieparagraph fordert in Pakistan unter Christen und Muslimen weitere Opfer. Aufgebrachte Muslime bedrohte das christliche ,,Community Education Center&#8220; in Azad Town in der N\u00e4he von Lahore (Punjab), das vorwiegend von muslimischen Sch\u00fclern aus armen Familien besucht wird, wegen angeblicher Blasphemie. Wie die Nichtregierungsorganisation ,,World Vision in Progress&#8220; berichtet, &nbsp;sdoll der Imam in Azwad [&hellip;]<\/p>\n","protected":false},"author":1,"featured_media":28,"comment_status":"closed","ping_status":"open","sticky":false,"template":"","format":"standard","meta":{"footnotes":""},"categories":[174],"tags":[27,10,4,36,38,9],"class_list":["post-29","post","type-post","status-publish","format-standard","has-post-thumbnail","hentry","category-pakistan","tag-asien","tag-blasphemiegesetz","tag-christenverfolgung","tag-islam","tag-lahore","tag-pakistan"],"_links":{"self":[{"href":"https:\/\/www.kircheinnot.at\/christenverfolgung\/wp-json\/wp\/v2\/posts\/29","targetHints":{"allow":["GET"]}}],"collection":[{"href":"https:\/\/www.kircheinnot.at\/christenverfolgung\/wp-json\/wp\/v2\/posts"}],"about":[{"href":"https:\/\/www.kircheinnot.at\/christenverfolgung\/wp-json\/wp\/v2\/types\/post"}],"author":[{"embeddable":true,"href":"https:\/\/www.kircheinnot.at\/christenverfolgung\/wp-json\/wp\/v2\/users\/1"}],"replies":[{"embeddable":true,"href":"https:\/\/www.kircheinnot.at\/christenverfolgung\/wp-json\/wp\/v2\/comments?post=29"}],"version-history":[{"count":2,"href":"https:\/\/www.kircheinnot.at\/christenverfolgung\/wp-json\/wp\/v2\/posts\/29\/revisions"}],"predecessor-version":[{"id":4243,"href":"https:\/\/www.kircheinnot.at\/christenverfolgung\/wp-json\/wp\/v2\/posts\/29\/revisions\/4243"}],"wp:featuredmedia":[{"embeddable":true,"href":"https:\/\/www.kircheinnot.at\/christenverfolgung\/wp-json\/wp\/v2\/media\/28"}],"wp:attachment":[{"href":"https:\/\/www.kircheinnot.at\/christenverfolgung\/wp-json\/wp\/v2\/media?parent=29"}],"wp:term":[{"taxonomy":"category","embeddable":true,"href":"https:\/\/www.kircheinnot.at\/christenverfolgung\/wp-json\/wp\/v2\/categories?post=29"},{"taxonomy":"post_tag","embeddable":true,"href":"https:\/\/www.kircheinnot.at\/christenverfolgung\/wp-json\/wp\/v2\/tags?post=29"}],"curies":[{"name":"wp","href":"https:\/\/api.w.org\/{rel}","templated":true}]}}