{"id":4612,"date":"2023-10-09T13:56:43","date_gmt":"2023-10-09T11:56:43","guid":{"rendered":"https:\/\/www.kircheinnot.at\/christenverfolgung\/?p=4612"},"modified":"2023-10-09T13:57:08","modified_gmt":"2023-10-09T11:57:08","slug":"nigeria-entfuehrung","status":"publish","type":"post","link":"https:\/\/www.kircheinnot.at\/christenverfolgung\/nigeria-entfuehrung\/","title":{"rendered":"Drei Ordensschwestern und ein Seminarist entf\u00fchrt"},"content":{"rendered":"\n<p>Drei Ordensschwestern und ein Seminarist sind zusammen mit ihrem Fahrer im s\u00fcdnigerianischen Bundesstaat Imo entf\u00fchrt worden. Laut einer Mitteilung ihrer Kongregation geh\u00f6ren die Ordensschwestern dem Orden der \u201eMissionary Daughters of Mater Ecclesiae\u201c der Di\u00f6zese Abakaliki im Bundesstaat Ebonyi an, w\u00e4hrend der Seminarist zum Orden der \u201eMissionary Sons of the Most Holy Trinity\u201c geh\u00f6rt.<\/p>\n\n\n\n<p><br>Die f\u00fcnf Geiseln wurden am 5. Oktober auf der Stra\u00dfe nach Mbano verschleppt, als sie auf dem Weg zur Beerdigung der Mutter einer der Schwestern waren. Die \u201eMissionary Daughters of Mater Ecclesiae\u201c bekr\u00e4ftigen am Telefon gegen\u00fcber Fides, dass sie im Moment noch keine weiteren Informationen \u00fcber ihre Mitschwestern und die anderen Entf\u00fchrten haben. (Quelle: Fides, Bild: TUBS\/wikipedia)<br><br><\/p>\n","protected":false},"excerpt":{"rendered":"<p>Drei Ordensschwestern und ein Seminarist sind zusammen mit ihrem Fahrer im s\u00fcdnigerianischen Bundesstaat Imo entf\u00fchrt worden. Laut einer Mitteilung ihrer Kongregation geh\u00f6ren die Ordensschwestern dem Orden der \u201eMissionary Daughters of Mater Ecclesiae\u201c der Di\u00f6zese Abakaliki im Bundesstaat Ebonyi an, w\u00e4hrend der Seminarist zum Orden der \u201eMissionary Sons of the Most Holy Trinity\u201c geh\u00f6rt. Die f\u00fcnf [&hellip;]<\/p>\n","protected":false},"author":2,"featured_media":4143,"comment_status":"closed","ping_status":"open","sticky":false,"template":"","format":"standard","meta":{"footnotes":""},"categories":[168],"tags":[6,63,11],"class_list":["post-4612","post","type-post","status-publish","format-standard","has-post-thumbnail","hentry","category-nigeria","tag-afrika","tag-entfuhrung","tag-nigeria"],"_links":{"self":[{"href":"https:\/\/www.kircheinnot.at\/christenverfolgung\/wp-json\/wp\/v2\/posts\/4612","targetHints":{"allow":["GET"]}}],"collection":[{"href":"https:\/\/www.kircheinnot.at\/christenverfolgung\/wp-json\/wp\/v2\/posts"}],"about":[{"href":"https:\/\/www.kircheinnot.at\/christenverfolgung\/wp-json\/wp\/v2\/types\/post"}],"author":[{"embeddable":true,"href":"https:\/\/www.kircheinnot.at\/christenverfolgung\/wp-json\/wp\/v2\/users\/2"}],"replies":[{"embeddable":true,"href":"https:\/\/www.kircheinnot.at\/christenverfolgung\/wp-json\/wp\/v2\/comments?post=4612"}],"version-history":[{"count":2,"href":"https:\/\/www.kircheinnot.at\/christenverfolgung\/wp-json\/wp\/v2\/posts\/4612\/revisions"}],"predecessor-version":[{"id":4615,"href":"https:\/\/www.kircheinnot.at\/christenverfolgung\/wp-json\/wp\/v2\/posts\/4612\/revisions\/4615"}],"wp:featuredmedia":[{"embeddable":true,"href":"https:\/\/www.kircheinnot.at\/christenverfolgung\/wp-json\/wp\/v2\/media\/4143"}],"wp:attachment":[{"href":"https:\/\/www.kircheinnot.at\/christenverfolgung\/wp-json\/wp\/v2\/media?parent=4612"}],"wp:term":[{"taxonomy":"category","embeddable":true,"href":"https:\/\/www.kircheinnot.at\/christenverfolgung\/wp-json\/wp\/v2\/categories?post=4612"},{"taxonomy":"post_tag","embeddable":true,"href":"https:\/\/www.kircheinnot.at\/christenverfolgung\/wp-json\/wp\/v2\/tags?post=4612"}],"curies":[{"name":"wp","href":"https:\/\/api.w.org\/{rel}","templated":true}]}}