{"id":4718,"date":"2024-01-24T09:37:00","date_gmt":"2024-01-24T08:37:00","guid":{"rendered":"https:\/\/www.kircheinnot.at\/christenverfolgung\/?p=4718"},"modified":"2024-01-23T12:38:07","modified_gmt":"2024-01-23T11:38:07","slug":"ordensschwestern-in-haiti-entfuhrt","status":"publish","type":"post","link":"https:\/\/www.kircheinnot.at\/christenverfolgung\/ordensschwestern-in-haiti-entfuhrt\/","title":{"rendered":"Sechs Ordensschwestern in Haiti entf\u00fchrt"},"content":{"rendered":"\n<p><em>KIRCHE IN NOT schlie\u00dft sich dem Papst an und fordert die sofortige und bedingungslose Freilassung der Ordensschwestern der Kongregation der Heiligen Anna und ein Ende der Gewalt, die Haiti heimsucht.<\/em><\/p>\n\n\n\n<p>Sechs Ordensschwestern wurden am vergangenen Freitag, den 19. Januar, in Haiti von bewaffneten Kriminellen entf\u00fchrt. Die Tat ereignete sich am helllichten Tag in der Hauptstadt Port-au-Prince. Die sechs Schwestern, deren Namen nicht genannt wurden, waren auf dem Weg zu einer Universit\u00e4t, als ihr Bus von bewaffneten Banditen gestoppt wurde. Laut internationalen Medien wurden die sechs Frauen und zwei weitere Insassen des Fahrzeugs, eine junge Frau und der Fahrer, von den Kriminellen an einen unbekannten Ort gebracht.<\/p>\n\n\n\n<p>Die Entf\u00fchrung der Schwestern der Heiligen Anna wurde sowohl von der \u00f6rtlichen Erzdi\u00f6zese als auch von der haitianischen Ordenskonferenz, die die religi\u00f6sen Orden des Landes vertritt, best\u00e4tigt und beklagt.<\/p>\n\n\n\n<p>Haiti hat in den letzten Jahren eine Phase des Chaos und Kriminalit\u00e4t erlebt, in der bewaffnete Banden ganze Stadtteile von Port-au-Prince in ihre Gewalt gebracht haben. Auch die Kirche ist von der Unsicherheit betroffen. Im Jahr 2022 wurde eine italienische Missionarin, Schwester Lu\u00edsa Del&#8217;Orto, ermordet, sowie f\u00fcnf Priester entf\u00fchrt. Im Jahr 2023 wurden dort zwei weitere Priester entf\u00fchrt. Alle Entf\u00fchrungen endeten mit einer Befreiung.<\/p>\n\n\n\n<p>KIRCHE IN NOT schlie\u00dft sich den vielen Stimmen in Haiti und im Ausland an, die die Freilassung der sechs Schwestern und ihrer beiden Begleitern fordern. Zu diesen Stimmen geh\u00f6rt auch Papst Franziskus, der den Vorfall am Sonntag w\u00e4hrend des Angelusgebets erw\u00e4hnte: \u201eMit Trauer habe ich von der Entf\u00fchrung einer Gruppe von Menschen, darunter sechs Ordensschwestern, in Haiti erfahren: Ich bitte von Herzen um ihre Freilassung, bete f\u00fcr die soziale Eintracht im Land und rufe alle auf, der Gewalt ein Ende zu setzen, die dieser lieben Bev\u00f6lkerung gro\u00dfes Leid zuf\u00fcgt.\u201c<\/p>\n\n\n\n<p>Haiti war eines der L\u00e4nder, die KIRCHE IN NOT in dem Ende Dezember ver\u00f6ffentlichten Artikel \u201eZehn L\u00e4nder, die Gebet f\u00fcr den Frieden brauchen\u201c, erw\u00e4hnte. Der Erzbischof von Port-au-Prince, Max Leroys Mesidor, \u00e4u\u00dferte in dem dem Land gewidmeten Abschnitt seine Hoffnung, dass sich die Situation im neuen Jahr verbessern werde. \u201eWir Haitianer werden Weihnachten in einem Kontext gro\u00dfen Leids feiern, das vor allem durch den furchtbaren Einfluss bewaffneter Gruppen und die Gleichg\u00fcltigkeit politischer Akteure verursacht wird. Dennoch ist unsere Hoffnung stark. Wir beten, dass das EMMANUEL-Fest f\u00fcr uns die Gelegenheit sein m\u00f6ge, uns br\u00fcderlich zu versammeln, um aus unseren N\u00e4chten der Angst, aus unseren N\u00e4chten des Misstrauens und der Gewalt herauszukommen. M\u00f6gen wir mehr und mehr die Unterst\u00fctzung der internationalen Gemeinschaft f\u00fcr die Entwaffnung und den Wiederaufbau des Landes sp\u00fcren.\u201c<\/p>\n\n\n\n<p>Die Entf\u00fchrung von sechs Ordensschwestern ist ein d\u00fcsterer Auftakt f\u00fcr das Jahr 2024 in Haiti. Es ist auch die gr\u00f6\u00dfte Entf\u00fchrung von Ordensfrauen in den letzten Jahren.<\/p>\n\n\n\n<p>Nach Informationen von KIRCHE IN NOT wurden im Jahr 2023 weltweit insgesamt vier Schwestern entf\u00fchrt, drei in Nigeria und eine in \u00c4thiopien, im Jahr 2022 neun. Alle wurden schlie\u00dflich freigelassen. (Bild: TUBS\/wikipedia)<\/p>\n","protected":false},"excerpt":{"rendered":"<p>KIRCHE IN NOT schlie\u00dft sich dem Papst an und fordert die sofortige und bedingungslose Freilassung der Ordensschwestern der Kongregation der Heiligen Anna und ein Ende der Gewalt, die Haiti heimsucht. Sechs Ordensschwestern wurden am vergangenen Freitag, den 19. Januar, in Haiti von bewaffneten Kriminellen entf\u00fchrt. Die Tat ereignete sich am helllichten Tag in der Hauptstadt [&hellip;]<\/p>\n","protected":false},"author":2,"featured_media":2232,"comment_status":"closed","ping_status":"open","sticky":false,"template":"","format":"standard","meta":{"footnotes":""},"categories":[184],"tags":[63,159,117],"class_list":["post-4718","post","type-post","status-publish","format-standard","has-post-thumbnail","hentry","category-haiti","tag-entfuhrung","tag-haiti","tag-nordamerika"],"_links":{"self":[{"href":"https:\/\/www.kircheinnot.at\/christenverfolgung\/wp-json\/wp\/v2\/posts\/4718","targetHints":{"allow":["GET"]}}],"collection":[{"href":"https:\/\/www.kircheinnot.at\/christenverfolgung\/wp-json\/wp\/v2\/posts"}],"about":[{"href":"https:\/\/www.kircheinnot.at\/christenverfolgung\/wp-json\/wp\/v2\/types\/post"}],"author":[{"embeddable":true,"href":"https:\/\/www.kircheinnot.at\/christenverfolgung\/wp-json\/wp\/v2\/users\/2"}],"replies":[{"embeddable":true,"href":"https:\/\/www.kircheinnot.at\/christenverfolgung\/wp-json\/wp\/v2\/comments?post=4718"}],"version-history":[{"count":2,"href":"https:\/\/www.kircheinnot.at\/christenverfolgung\/wp-json\/wp\/v2\/posts\/4718\/revisions"}],"predecessor-version":[{"id":4720,"href":"https:\/\/www.kircheinnot.at\/christenverfolgung\/wp-json\/wp\/v2\/posts\/4718\/revisions\/4720"}],"wp:featuredmedia":[{"embeddable":true,"href":"https:\/\/www.kircheinnot.at\/christenverfolgung\/wp-json\/wp\/v2\/media\/2232"}],"wp:attachment":[{"href":"https:\/\/www.kircheinnot.at\/christenverfolgung\/wp-json\/wp\/v2\/media?parent=4718"}],"wp:term":[{"taxonomy":"category","embeddable":true,"href":"https:\/\/www.kircheinnot.at\/christenverfolgung\/wp-json\/wp\/v2\/categories?post=4718"},{"taxonomy":"post_tag","embeddable":true,"href":"https:\/\/www.kircheinnot.at\/christenverfolgung\/wp-json\/wp\/v2\/tags?post=4718"}],"curies":[{"name":"wp","href":"https:\/\/api.w.org\/{rel}","templated":true}]}}