{"id":479,"date":"2014-05-19T09:23:12","date_gmt":"2014-05-19T09:23:12","guid":{"rendered":"http:\/\/localhost\/christenverfolgung\/241-faelle-von-intoleranz-europa-html\/"},"modified":"2022-12-06T15:33:31","modified_gmt":"2022-12-06T15:33:31","slug":"241-faelle-von-intoleranz-europa-html","status":"publish","type":"post","link":"https:\/\/www.kircheinnot.at\/christenverfolgung\/241-faelle-von-intoleranz-europa-html\/","title":{"rendered":"241 F\u00e4lle von Intoleranz in Europa"},"content":{"rendered":"<p>Am 15. Mai stellte die Beobachtungsstelle der Intoleranz und Diskriminierung gegen Christen ihren Bericht \u00fcber das Jahr 2013 vor. 241 F\u00e4lle von Intoleranz gegen Christen werden in diesem Bericht dokumentiert. Die Beobachtungsstelle untersucht in diesem Zusammenhang anti-christliche \u00dcbergriffe, Intoleranz gegen Christen in Gesetz und Politik, sowie anti-christliche Vorf\u00e4lle in Kunst und Medien. <\/p>\n<p> Die wenigen offiziellen Daten, die es zu anti-christlichem Vandalismus und so genannten \u201ehate crimes\u201c gegen Christen gibt, zeigen, dass \u00dcbergriffe gegen Christen in Europa steigen. In dem nun ver\u00f6ffentlichten Bericht werden 133 F\u00e4lle von Vandalismus gegen Christen in 11 verschiedenen L\u00e4ndern exemplarisch portr\u00e4tiert. Diskriminierungen von Christen durch Gesetze und politische Ma\u00dfnahmen treten vor allem in Form von Einschr\u00e4nkungen der Gewissensfreiheit oder der freien Meinungs\u00e4u\u00dferung und durch diskriminierende Gleichstellungspolitik sowie Einschr\u00e4nkungen der Elternrechte auf. Im Vorjahresbericht wurden 41 Gesetze aus 14 europ\u00e4ischen L\u00e4ndern, die die freie Religionsaus\u00fcbung von Christen einschr\u00e4nken, portr\u00e4tiert. Kunst und Medien sowie Social Media sind zu einem neuen Spielplatz der Intoleranz gegen Christen geworden: der Bericht dokumentiert 15 F\u00e4lle in 6 L\u00e4ndern im Jahr 2013<\/p>\n<p> \u201eRespekt ist ein Schl\u00fcsselbegriff f\u00fcr das Verst\u00e4ndnis der Menschenrechte im Allgemeinen und insbesondere f\u00fcr die Religionsfreiheit: \u201aPlatz f\u00fcr alle zu schaffen\u2019, die sogenannte \u201ereasonable accomodation\u201c sollte im Umgang mit den Religionen in Europa unser Leitprinzip sein\u201c, betont die Beobachtungsstelle. &nbsp;Anl\u00e4sslich der Pr\u00e4sentation meinte Dr. Gudrun Kugler, Leiterin der Beobachtungsstelle: \u201eDie zunehmende S\u00e4kularisierung Europas schr\u00e4nkt Christen in ihren Freiheiten immer mehr ein. Es gibt Regierungen und Gruppen, die anstatt Platz f\u00fcr alle zu schaffen, Religion und insbesondere das Christentum immer mehr an den Rand dr\u00e4ngen. Durch unsere Forschungs- und Dokumentationsarbeit versuchen wir, ein Problembewusstsein zu schaffen. Das ist notwendig, damit das Zusammenleben verschiedener Str\u00f6mungen und Geisteshaltungen in Europa gelingen kann.\u201c (Quelle: Fidesdienst)<\/p>\n","protected":false},"excerpt":{"rendered":"<p>Am 15. Mai stellte die Beobachtungsstelle der Intoleranz und Diskriminierung gegen Christen ihren Bericht \u00fcber das Jahr 2013 vor. 241 F\u00e4lle von Intoleranz gegen Christen werden in diesem Bericht dokumentiert. Die Beobachtungsstelle untersucht in diesem Zusammenhang anti-christliche \u00dcbergriffe, Intoleranz gegen Christen in Gesetz und Politik, sowie anti-christliche Vorf\u00e4lle in Kunst und Medien. Die wenigen offiziellen [&hellip;]<\/p>\n","protected":false},"author":1,"featured_media":478,"comment_status":"closed","ping_status":"open","sticky":false,"template":"","format":"standard","meta":{"footnotes":""},"categories":[1],"tags":[30,28],"class_list":["post-479","post","type-post","status-publish","format-standard","has-post-thumbnail","hentry","category-uncategorized","tag-diskriminierung-intoleranz","tag-europa"],"_links":{"self":[{"href":"https:\/\/www.kircheinnot.at\/christenverfolgung\/wp-json\/wp\/v2\/posts\/479","targetHints":{"allow":["GET"]}}],"collection":[{"href":"https:\/\/www.kircheinnot.at\/christenverfolgung\/wp-json\/wp\/v2\/posts"}],"about":[{"href":"https:\/\/www.kircheinnot.at\/christenverfolgung\/wp-json\/wp\/v2\/types\/post"}],"author":[{"embeddable":true,"href":"https:\/\/www.kircheinnot.at\/christenverfolgung\/wp-json\/wp\/v2\/users\/1"}],"replies":[{"embeddable":true,"href":"https:\/\/www.kircheinnot.at\/christenverfolgung\/wp-json\/wp\/v2\/comments?post=479"}],"version-history":[{"count":1,"href":"https:\/\/www.kircheinnot.at\/christenverfolgung\/wp-json\/wp\/v2\/posts\/479\/revisions"}],"predecessor-version":[{"id":3687,"href":"https:\/\/www.kircheinnot.at\/christenverfolgung\/wp-json\/wp\/v2\/posts\/479\/revisions\/3687"}],"wp:featuredmedia":[{"embeddable":true,"href":"https:\/\/www.kircheinnot.at\/christenverfolgung\/wp-json\/wp\/v2\/media\/478"}],"wp:attachment":[{"href":"https:\/\/www.kircheinnot.at\/christenverfolgung\/wp-json\/wp\/v2\/media?parent=479"}],"wp:term":[{"taxonomy":"category","embeddable":true,"href":"https:\/\/www.kircheinnot.at\/christenverfolgung\/wp-json\/wp\/v2\/categories?post=479"},{"taxonomy":"post_tag","embeddable":true,"href":"https:\/\/www.kircheinnot.at\/christenverfolgung\/wp-json\/wp\/v2\/tags?post=479"}],"curies":[{"name":"wp","href":"https:\/\/api.w.org\/{rel}","templated":true}]}}