{"id":5142,"date":"2025-05-13T14:58:03","date_gmt":"2025-05-13T12:58:03","guid":{"rendered":"https:\/\/www.kircheinnot.at\/christenverfolgung\/?p=5142"},"modified":"2025-05-13T14:58:04","modified_gmt":"2025-05-13T12:58:04","slug":"koordinator-in-einer-pfarre-getoetet","status":"publish","type":"post","link":"https:\/\/www.kircheinnot.at\/christenverfolgung\/koordinator-in-einer-pfarre-getoetet\/","title":{"rendered":"Koordinator einer kath. Organisation in einer Pfarre get\u00f6tet"},"content":{"rendered":"\n<p>Ein weiterer Mord hat die Pfarre \u201eSt. Mary Help of Christians\u201c im Bezirk Tombura in West-\u00c4quatoria, einem der zehn Bundesstaaten des S\u00fcdsudan, ersch\u00fcttert. Wie die lokalen Medien berichten, wurde Paul Tamania, ein junger Mann aus der Gemeinde, ermordet. Er ist Koordinator der Katholischen Organisation f\u00fcr Entwicklung und Frieden (CODEP), einer Organisation der Di\u00f6zese Tombura-Yambio.<br><br>Der junge Mann wurde erschossen, als er sich am Mittwoch, den 8. Mai, in den R\u00e4umlichkeiten seiner Pfarre aufhielt. Am 13. Dezember 2024 war in derselben Gemeinde der Chorleiter der Pfarre ermordet worden. Der Fall wird von den \u00f6rtlichen Strafverfolgungsbeh\u00f6rden untersucht.<br><br>In der Zwischenzeit hat der Bischof von Tombura-Yambio, Barani Eduardo Hiiboro Kussala, eine Botschaft zur Gewalt dieser Taten ver\u00f6ffentlicht: \u201eDiese st\u00e4ndigen Angriffe auf unschuldiges Leben sind absolut inakzeptabel, zutiefst unmoralisch und m\u00fcssen sofort aufh\u00f6ren. Die Kirche ist kein Schlachtfeld, sondern ein heiliger Ort, ein Zufluchtsort, zu dem die Menschen kommen, um den Frieden Gottes zu finden und nicht die Grausamkeit der Menschen. Dass ein solcher Zufluchtsort durch m\u00f6rderische Handlungen verletzt wird, ist eine schwere S\u00fcnde und eine Verletzung unserer kollektiven Menschlichkeit\u201c.<br><br>Wie lokale Quellen berichten, wurde Paul Tamania insbesondere f\u00fcr seinen Dienst an der Jugend und seinen Einsatz f\u00fcr den Frieden in der Region gesch\u00e4tzt. In den letzten drei Jahren diente die Gemeinde, in der er ermordet wurde, auch als Aufnahmestelle f\u00fcr Tausende von Binnenfl\u00fcchtlingen, die vor der Gewalt im S\u00fcdsudan geflohen waren.<br><br>\u201eIhr dient nicht eurem Volk oder eurer Sache, ihr zerst\u00f6rt eure Br\u00fcder und Schwestern. W\u00e4hlt den Frieden. Legt die Waffen nieder\u201c, f\u00fcgte Bischof Hiiboro Kussala hinzu und appellierte an die Beh\u00f6rden: \u201cBringt die T\u00e4ter vor Gericht. Stellt Frieden und Sicherheit in dieser Region wieder her. Retten euer Volk. Es ist eure Pflicht, das Leben und die W\u00fcrde aller B\u00fcrger zu sch\u00fctzen\u201c. (Quelle: Fidesdienst)<br><br><\/p>\n","protected":false},"excerpt":{"rendered":"<p>Ein weiterer Mord hat die Pfarre \u201eSt. Mary Help of Christians\u201c im Bezirk Tombura in West-\u00c4quatoria, einem der zehn Bundesstaaten des S\u00fcdsudan, ersch\u00fcttert. Wie die lokalen Medien berichten, wurde Paul Tamania, ein junger Mann aus der Gemeinde, ermordet. Er ist Koordinator der Katholischen Organisation f\u00fcr Entwicklung und Frieden (CODEP), einer Organisation der Di\u00f6zese Tombura-Yambio. Der [&hellip;]<\/p>\n","protected":false},"author":2,"featured_media":5125,"comment_status":"closed","ping_status":"open","sticky":false,"template":"","format":"standard","meta":{"footnotes":""},"categories":[243],"tags":[6,64,109],"class_list":["post-5142","post","type-post","status-publish","format-standard","has-post-thumbnail","hentry","category-suedsudan","tag-afrika","tag-mord","tag-sudsudan"],"_links":{"self":[{"href":"https:\/\/www.kircheinnot.at\/christenverfolgung\/wp-json\/wp\/v2\/posts\/5142","targetHints":{"allow":["GET"]}}],"collection":[{"href":"https:\/\/www.kircheinnot.at\/christenverfolgung\/wp-json\/wp\/v2\/posts"}],"about":[{"href":"https:\/\/www.kircheinnot.at\/christenverfolgung\/wp-json\/wp\/v2\/types\/post"}],"author":[{"embeddable":true,"href":"https:\/\/www.kircheinnot.at\/christenverfolgung\/wp-json\/wp\/v2\/users\/2"}],"replies":[{"embeddable":true,"href":"https:\/\/www.kircheinnot.at\/christenverfolgung\/wp-json\/wp\/v2\/comments?post=5142"}],"version-history":[{"count":1,"href":"https:\/\/www.kircheinnot.at\/christenverfolgung\/wp-json\/wp\/v2\/posts\/5142\/revisions"}],"predecessor-version":[{"id":5143,"href":"https:\/\/www.kircheinnot.at\/christenverfolgung\/wp-json\/wp\/v2\/posts\/5142\/revisions\/5143"}],"wp:featuredmedia":[{"embeddable":true,"href":"https:\/\/www.kircheinnot.at\/christenverfolgung\/wp-json\/wp\/v2\/media\/5125"}],"wp:attachment":[{"href":"https:\/\/www.kircheinnot.at\/christenverfolgung\/wp-json\/wp\/v2\/media?parent=5142"}],"wp:term":[{"taxonomy":"category","embeddable":true,"href":"https:\/\/www.kircheinnot.at\/christenverfolgung\/wp-json\/wp\/v2\/categories?post=5142"},{"taxonomy":"post_tag","embeddable":true,"href":"https:\/\/www.kircheinnot.at\/christenverfolgung\/wp-json\/wp\/v2\/tags?post=5142"}],"curies":[{"name":"wp","href":"https:\/\/api.w.org\/{rel}","templated":true}]}}