{"id":5413,"date":"2025-12-17T14:34:49","date_gmt":"2025-12-17T13:34:49","guid":{"rendered":"https:\/\/www.kircheinnot.at\/christenverfolgung\/?p=5413"},"modified":"2025-12-17T14:34:50","modified_gmt":"2025-12-17T13:34:50","slug":"priester-verfassungswidrig-festgenommen","status":"publish","type":"post","link":"https:\/\/www.kircheinnot.at\/christenverfolgung\/priester-verfassungswidrig-festgenommen\/","title":{"rendered":"Priester unter verfassungswidrigen Umst\u00e4nden festgenommen"},"content":{"rendered":"\n<p>Als Versto\u00df gegen die Verfassung unter Missachtung der Grundrechte des Menschen bezeichnete die Vereinigung katholischer Juristen Ugandas (Uganda Catholic Lawyers Society, UCLS) die Festnahme von Deusdedit Ssekabira, einem katholischen Priester der Di\u00f6zese Masaka, der seit dem 3. Dezember als vermisst galt. Fast zwei Wochen nach seinem Verschwinden ver\u00f6ffentlichte das ugandische Verteidigungsministerium am 14. Dezember eine Erkl\u00e4rung, in der es einr\u00e4umte, dass Pfarrer Ssekabira von den Sicherheitskr\u00e4ften unter dem Vorwurf der Beteiligung an \u201egewaltt\u00e4tigen subversiven Aktivit\u00e4ten gegen den Staat\u201d festgenommen worden war.<\/p>\n\n\n\n<p>Die Art und Weise der Festnahme des Priesters, der von bewaffneten Personen aus einem Fahrzeug ohne Kennzeichen gezerrt wurde, wurde von der Vereinigung katholischer Anw\u00e4lte scharf kritisiert. \u201eDie Verwendung von Fahrzeugen ohne Kennzeichen, nicht identifizierten Beamten, geheimen Haftanstalten und die versp\u00e4tete Bekanntgabe der Inhaftierung sind eindeutige Anzeichen f\u00fcr verfassungswidrige Sicherheitspraktiken, die die Rechtsstaatlichkeit untergraben\u201d, erkl\u00e4rt die UCLS. \u201eZehn Tage lang wurde der Aufenthaltsort des Priesters geheim gehalten, seiner Familie, der Di\u00f6zese und seinen Anw\u00e4lten wurde der Zugang verwehrt, was einem Verschwindenlassen gleichkommt, das durch die Verfassung Ugandas und das V\u00f6lkerrecht ausdr\u00fccklich verboten ist.\u201c<\/p>\n\n\n\n<p>Dar\u00fcber hinaus betont die UCLS, dass \u201eVorw\u00fcrfe subversiver Aktivit\u00e4ten die verfassungsm\u00e4\u00dfigen Garantien nicht au\u00dfer Kraft setzen und m\u00f6gliche Sicherheitsbedrohungen keine Entf\u00fchrung, Geheimhaltung oder Verweigerung eines fairen Verfahrens rechtfertigen k\u00f6nnen\u201c.<\/p>\n\n\n\n<p>Gem\u00e4\u00df der ugandischen Verfassung von 1995 muss eine festgenommene Person innerhalb von 48 Stunden einem Gericht vorgef\u00fchrt oder gegen Kaution freigelassen werden. (Quelle: Fidesdienst, Bild: TUBS\/wikipedia)<\/p>\n","protected":false},"excerpt":{"rendered":"<p>Als Versto\u00df gegen die Verfassung unter Missachtung der Grundrechte des Menschen bezeichnete die Vereinigung katholischer Juristen Ugandas (Uganda Catholic Lawyers Society, UCLS) die Festnahme von Deusdedit Ssekabira, einem katholischen Priester der Di\u00f6zese Masaka, der seit dem 3. Dezember als vermisst galt. Fast zwei Wochen nach seinem Verschwinden ver\u00f6ffentlichte das ugandische Verteidigungsministerium am 14. Dezember eine [&hellip;]<\/p>\n","protected":false},"author":2,"featured_media":1850,"comment_status":"closed","ping_status":"open","sticky":false,"template":"","format":"standard","meta":{"footnotes":""},"categories":[244],"tags":[6,112,53],"class_list":["post-5413","post","type-post","status-publish","format-standard","has-post-thumbnail","hentry","category-uganda","tag-afrika","tag-uganda","tag-verhaftung"],"_links":{"self":[{"href":"https:\/\/www.kircheinnot.at\/christenverfolgung\/wp-json\/wp\/v2\/posts\/5413","targetHints":{"allow":["GET"]}}],"collection":[{"href":"https:\/\/www.kircheinnot.at\/christenverfolgung\/wp-json\/wp\/v2\/posts"}],"about":[{"href":"https:\/\/www.kircheinnot.at\/christenverfolgung\/wp-json\/wp\/v2\/types\/post"}],"author":[{"embeddable":true,"href":"https:\/\/www.kircheinnot.at\/christenverfolgung\/wp-json\/wp\/v2\/users\/2"}],"replies":[{"embeddable":true,"href":"https:\/\/www.kircheinnot.at\/christenverfolgung\/wp-json\/wp\/v2\/comments?post=5413"}],"version-history":[{"count":1,"href":"https:\/\/www.kircheinnot.at\/christenverfolgung\/wp-json\/wp\/v2\/posts\/5413\/revisions"}],"predecessor-version":[{"id":5414,"href":"https:\/\/www.kircheinnot.at\/christenverfolgung\/wp-json\/wp\/v2\/posts\/5413\/revisions\/5414"}],"wp:featuredmedia":[{"embeddable":true,"href":"https:\/\/www.kircheinnot.at\/christenverfolgung\/wp-json\/wp\/v2\/media\/1850"}],"wp:attachment":[{"href":"https:\/\/www.kircheinnot.at\/christenverfolgung\/wp-json\/wp\/v2\/media?parent=5413"}],"wp:term":[{"taxonomy":"category","embeddable":true,"href":"https:\/\/www.kircheinnot.at\/christenverfolgung\/wp-json\/wp\/v2\/categories?post=5413"},{"taxonomy":"post_tag","embeddable":true,"href":"https:\/\/www.kircheinnot.at\/christenverfolgung\/wp-json\/wp\/v2\/tags?post=5413"}],"curies":[{"name":"wp","href":"https:\/\/api.w.org\/{rel}","templated":true}]}}