{"id":5417,"date":"2026-01-07T09:42:15","date_gmt":"2026-01-07T08:42:15","guid":{"rendered":"https:\/\/www.kircheinnot.at\/christenverfolgung\/?p=5417"},"modified":"2026-01-07T09:42:16","modified_gmt":"2026-01-07T08:42:16","slug":"ueber-200-priester-in-10-jahren-entfuhrt","status":"publish","type":"post","link":"https:\/\/www.kircheinnot.at\/christenverfolgung\/ueber-200-priester-in-10-jahren-entfuhrt\/","title":{"rendered":"\u00dcber 200 Priester in zehn Jahren entf\u00fchrt"},"content":{"rendered":"\n<p>In Nigeria sind zwischen 2015 und 2025 mindestens 212 katholische Priester entf\u00fchrt worden. Das geht aus einer Auswertung der Katholischen Bischofskonferenz von Nigeria hervor, die dem p\u00e4pstlichen Hilfswerk \u201eKirche in Not\u201c vorliegt. Die Zahlen verdeutlichen das dramatische Ausma\u00df der Sicherheitskrise in dem westafrikanischen Land und die besondere Gef\u00e4hrdung katholischer Geistlicher.<\/p>\n\n\n\n<p>Die Ende November vorgestellte Auswertung dokumentiert Entf\u00fchrungen in 41 der insgesamt 59 katholischen Di\u00f6zesen und Erzdi\u00f6zesen Nigerias. Die Ergebnisse best\u00e4tigen die Erkenntnisse des im Oktober erschienen Berichts \u201eReligionsfreiheit weltweit 2025\u201c von \u201eKirche in Not\u201c, der Nigeria als eines der gef\u00e4hrlichsten L\u00e4nder f\u00fcr Geistliche und kirchliche Mitarbeiter einstuft.<\/p>\n\n\n\n<p>Wie die Untersuchung angibt, ereigneten sich viele Entf\u00fchrungen direkt in den Pfarrh\u00e4usern, auf dem Weg zur Feier der heiligen Messe oder bei Reisen in entlegene Pfarrgebiete. Von den 212 entf\u00fchrten Priestern wurden 183 wieder freigelassen oder konnten entkommen, zw\u00f6lf Priester wurden ermordet, weitere drei starben sp\u00e4ter an den Folgen der Gefangenschaft. Zudem wurden laut Bericht mindestens sechs Geistliche mehrfach entf\u00fchrt.<\/p>\n\n\n\n<p><strong>Hohe Dunkelziffer<\/strong><\/p>\n\n\n\n<p>Die tats\u00e4chliche Zahl der Entf\u00fchrungen d\u00fcrfte noch deutlich h\u00f6her liegen. Aus 18 nigerianischen Di\u00f6zesen liegen bislang keine vollst\u00e4ndigen Daten vor. Dar\u00fcber hinaus registrierte \u201eKirche in Not\u201c in den vergangenen Jahren weitere Entf\u00fchrungsf\u00e4lle in mindestens f\u00fcnf Di\u00f6zesen, die in der Studie nicht erfasst sind. Entf\u00fchrungen von Ordensleuten sind in den vorliegenden Zahlen ebenfalls nicht enthalten. Die Entf\u00fchrungen halten nach wie vor an; es ist zu bef\u00fcrchten, dass die Zahl der verschleppten Geistlichen in den vergangenen Wochen nochmals gestiegen ist.<\/p>\n\n\n\n<p>Die Gewaltwelle in Nigeria hat auch gravierende Auswirkungen auf die katholischen Gemeinden. Allein in der Di\u00f6zese Minna im Bundesstaat Niger wurden aufgrund von Terror und anhaltender Unsicherheit mehr als 90 Kirchen geschlossen, wie Projektpartner von \u201eKirche in Not\u201c berichten. Auch in anderen Landesteilen mussten aus Sicherheitsgr\u00fcnden Pfarreien ihre Arbeit einstellen.<\/p>\n\n\n\n<p><strong>Entf\u00fchrungen als Gesch\u00e4ftsmodell<\/strong><\/p>\n\n\n\n<p>Terror und Bandengewalt in Nigeria betreffen auch die muslimische Bev\u00f6lkerung. Dennoch sind Christen in vielen Regionen gezielt wegen ihres Glaubens bedroht, insbesondere im Norden durch dschihadistische Gruppen sowie in Zentralnigeria durch bewaffnete Milizen. Hinzu kommt eine strukturelle Benachteiligung christlicher Gemeinden, die vielerorts kaum wirksamen staatlichen Schutz erfahren.<\/p>\n\n\n\n<p>Zugleich haben sich Entf\u00fchrungen in Nigeria zu einem Gesch\u00e4ftsmodell f\u00fcr kriminelle Banden entwickelt. Geistliche gelten als besonders verwundbare Ziele, da sie aufgrund ihrer Kleidung leicht erkennbar und meist ungesch\u00fctzt sind und ihre Gemeinden gro\u00dfe Anstrengungen unternehmen, um L\u00f6segeld aufzubringen.<\/p>\n\n\n\n<p><strong>Landesweiter Sicherheitsnotstand<\/strong><\/p>\n\n\n\n<p>Angesichts der eskalierenden Gewalt, darunter zuletzt auch Massenentf\u00fchrungen von Schulkindern, rief die nigerianische Regierung im November 2025 den Sicherheitsnotstand aus. Geplant ist unter anderem, 20 000 zus\u00e4tzlichen Polizisten einzustellen und die Sicherheitsma\u00dfnahmen vor kirchlichen Einrichtungen zu verst\u00e4rken.<\/p>\n","protected":false},"excerpt":{"rendered":"<p>In Nigeria sind zwischen 2015 und 2025 mindestens 212 katholische Priester entf\u00fchrt worden. Das geht aus einer Auswertung der Katholischen Bischofskonferenz von Nigeria hervor, die dem p\u00e4pstlichen Hilfswerk \u201eKirche in Not\u201c vorliegt. Die Zahlen verdeutlichen das dramatische Ausma\u00df der Sicherheitskrise in dem westafrikanischen Land und die besondere Gef\u00e4hrdung katholischer Geistlicher. Die Ende November vorgestellte Auswertung [&hellip;]<\/p>\n","protected":false},"author":2,"featured_media":5375,"comment_status":"closed","ping_status":"open","sticky":false,"template":"","format":"standard","meta":{"footnotes":""},"categories":[168],"tags":[6,63,11],"class_list":["post-5417","post","type-post","status-publish","format-standard","has-post-thumbnail","hentry","category-nigeria","tag-afrika","tag-entfuhrung","tag-nigeria"],"_links":{"self":[{"href":"https:\/\/www.kircheinnot.at\/christenverfolgung\/wp-json\/wp\/v2\/posts\/5417","targetHints":{"allow":["GET"]}}],"collection":[{"href":"https:\/\/www.kircheinnot.at\/christenverfolgung\/wp-json\/wp\/v2\/posts"}],"about":[{"href":"https:\/\/www.kircheinnot.at\/christenverfolgung\/wp-json\/wp\/v2\/types\/post"}],"author":[{"embeddable":true,"href":"https:\/\/www.kircheinnot.at\/christenverfolgung\/wp-json\/wp\/v2\/users\/2"}],"replies":[{"embeddable":true,"href":"https:\/\/www.kircheinnot.at\/christenverfolgung\/wp-json\/wp\/v2\/comments?post=5417"}],"version-history":[{"count":2,"href":"https:\/\/www.kircheinnot.at\/christenverfolgung\/wp-json\/wp\/v2\/posts\/5417\/revisions"}],"predecessor-version":[{"id":5419,"href":"https:\/\/www.kircheinnot.at\/christenverfolgung\/wp-json\/wp\/v2\/posts\/5417\/revisions\/5419"}],"wp:featuredmedia":[{"embeddable":true,"href":"https:\/\/www.kircheinnot.at\/christenverfolgung\/wp-json\/wp\/v2\/media\/5375"}],"wp:attachment":[{"href":"https:\/\/www.kircheinnot.at\/christenverfolgung\/wp-json\/wp\/v2\/media?parent=5417"}],"wp:term":[{"taxonomy":"category","embeddable":true,"href":"https:\/\/www.kircheinnot.at\/christenverfolgung\/wp-json\/wp\/v2\/categories?post=5417"},{"taxonomy":"post_tag","embeddable":true,"href":"https:\/\/www.kircheinnot.at\/christenverfolgung\/wp-json\/wp\/v2\/tags?post=5417"}],"curies":[{"name":"wp","href":"https:\/\/api.w.org\/{rel}","templated":true}]}}