{"id":5428,"date":"2026-01-12T08:44:00","date_gmt":"2026-01-12T07:44:00","guid":{"rendered":"https:\/\/www.kircheinnot.at\/christenverfolgung\/?p=5428"},"modified":"2026-01-09T10:45:23","modified_gmt":"2026-01-09T09:45:23","slug":"2025-wurden-17-missionare-getoetet","status":"publish","type":"post","link":"https:\/\/www.kircheinnot.at\/christenverfolgung\/2025-wurden-17-missionare-getoetet\/","title":{"rendered":"2025 wurden 17 Missionare und Missionarinnen get\u00f6tet"},"content":{"rendered":"\n<p>Im Jahr 2025 wurden nach den von Fides \u00fcberpr\u00fcften Daten weltweit 17 Missionare und Missionarinnen get\u00f6tet, darunter Priester, Ordensleute, Seminaristen und Laien.<\/p>\n\n\n\n<p>Die Aufschl\u00fcsselung nach Kontinenten zeigt, dass die h\u00f6chste Zahl der im Jahr 2025 get\u00f6teten Seelsorger in Afrika zu verzeichnen ist, wo zehn Missionare (sechs Priester, zwei Seminaristen, zwei Katecheten) ermordet wurden. Auf dem amerikanischen Kontinent wurden vier Missionare get\u00f6tet (zwei Priester, zwei Ordensfrauen), in Asien zwei (ein Priester, ein Laie). In Europa wurde ein Priester get\u00f6tet.<\/p>\n\n\n\n<p>Von 2000 bis 2025 wurden insgesamt 626 Missionare und Pastoralarbeiter get\u00f6tet. Es werden nicht nur Missionaren \u201ead gentes\u201c im engeren Sinne ber\u00fccksichtigt sondern alle getauften Christen, die als Mitarbeiter im kirchlichen Dienst t\u00e4tig waren und dabei gewaltsam ums Leben kamen, manchmal auch nicht ausdr\u00fccklich &#8222;aus Hass auf den Glauben&#8220;. (Quelle: Fides)<\/p>\n","protected":false},"excerpt":{"rendered":"<p>Im Jahr 2025 wurden nach den von Fides \u00fcberpr\u00fcften Daten weltweit 17 Missionare und Missionarinnen get\u00f6tet, darunter Priester, Ordensleute, Seminaristen und Laien. Die Aufschl\u00fcsselung nach Kontinenten zeigt, dass die h\u00f6chste Zahl der im Jahr 2025 get\u00f6teten Seelsorger in Afrika zu verzeichnen ist, wo zehn Missionare (sechs Priester, zwei Seminaristen, zwei Katecheten) ermordet wurden. Auf dem [&hellip;]<\/p>\n","protected":false},"author":2,"featured_media":4121,"comment_status":"closed","ping_status":"open","sticky":false,"template":"","format":"standard","meta":{"footnotes":""},"categories":[179],"tags":[6,27,4,28,64,117,69],"class_list":["post-5428","post","type-post","status-publish","format-standard","has-post-thumbnail","hentry","category-international","tag-afrika","tag-asien","tag-christenverfolgung","tag-europa","tag-mord","tag-nordamerika","tag-sudamerika"],"_links":{"self":[{"href":"https:\/\/www.kircheinnot.at\/christenverfolgung\/wp-json\/wp\/v2\/posts\/5428","targetHints":{"allow":["GET"]}}],"collection":[{"href":"https:\/\/www.kircheinnot.at\/christenverfolgung\/wp-json\/wp\/v2\/posts"}],"about":[{"href":"https:\/\/www.kircheinnot.at\/christenverfolgung\/wp-json\/wp\/v2\/types\/post"}],"author":[{"embeddable":true,"href":"https:\/\/www.kircheinnot.at\/christenverfolgung\/wp-json\/wp\/v2\/users\/2"}],"replies":[{"embeddable":true,"href":"https:\/\/www.kircheinnot.at\/christenverfolgung\/wp-json\/wp\/v2\/comments?post=5428"}],"version-history":[{"count":1,"href":"https:\/\/www.kircheinnot.at\/christenverfolgung\/wp-json\/wp\/v2\/posts\/5428\/revisions"}],"predecessor-version":[{"id":5429,"href":"https:\/\/www.kircheinnot.at\/christenverfolgung\/wp-json\/wp\/v2\/posts\/5428\/revisions\/5429"}],"wp:featuredmedia":[{"embeddable":true,"href":"https:\/\/www.kircheinnot.at\/christenverfolgung\/wp-json\/wp\/v2\/media\/4121"}],"wp:attachment":[{"href":"https:\/\/www.kircheinnot.at\/christenverfolgung\/wp-json\/wp\/v2\/media?parent=5428"}],"wp:term":[{"taxonomy":"category","embeddable":true,"href":"https:\/\/www.kircheinnot.at\/christenverfolgung\/wp-json\/wp\/v2\/categories?post=5428"},{"taxonomy":"post_tag","embeddable":true,"href":"https:\/\/www.kircheinnot.at\/christenverfolgung\/wp-json\/wp\/v2\/tags?post=5428"}],"curies":[{"name":"wp","href":"https:\/\/api.w.org\/{rel}","templated":true}]}}