{"id":5444,"date":"2026-02-09T10:15:08","date_gmt":"2026-02-09T09:15:08","guid":{"rendered":"https:\/\/www.kircheinnot.at\/christenverfolgung\/?p=5444"},"modified":"2026-02-09T10:15:10","modified_gmt":"2026-02-09T09:15:10","slug":"2025-mehr-geistliche-getoetet-als-2024","status":"publish","type":"post","link":"https:\/\/www.kircheinnot.at\/christenverfolgung\/2025-mehr-geistliche-getoetet-als-2024\/","title":{"rendered":"2025 wurden mehr Geistliche get\u00f6tet als im Vorjahr"},"content":{"rendered":"\n<p>Im vergangenen Jahr wurden weltweit mehr katholische Priester, Ordensleute und Seminaristen get\u00f6tet als 2024. Darauf weist KIRCHE IN NOT in einer aktuellen Auswertung hin. R\u00fcckl\u00e4ufig hingegen ist die Zahl der inhaftierten Geistlichen.<\/p>\n\n\n\n<p>Nach KIRCHE IN NOT vorliegenden Meldungen wurden 2025 weltweit 19 Kirchenmitarbeiter get\u00f6tet \u2013 im Jahr zuvor waren es 13. Bei den Get\u00f6teten handelt es sich um 15 Priester, zwei Seminaristen und zwei Ordensschwestern. Mehrere der gewaltsamen Todesf\u00e4lle ereigneten sich im Zusammenhang mit Entf\u00fchrungen oder in bewaffneten Konflikten, etwa in Nigeria, \u00c4thiopien, Sudan und Myanmar. Weitere Geistliche wurden bei Angriffen, \u00dcberf\u00e4llen oder unter bislang ungekl\u00e4rten Umst\u00e4nden get\u00f6tet \u2013 unter anderem in den USA, Mexiko, Kenia und Haiti.<\/p>\n\n\n\n<p>KIRCHE IN NOT weist darauf hin, dass die hier erfassten Zahlen ausschlie\u00dflich Priester und Ordensleute betreffen. In vielen L\u00e4ndern seien auch Katecheten und Laienmissionare massiv bedroht und h\u00e4ufig Opfer von Gewalt, diese sind in der Statistik jedoch nicht enthalten.<\/p>\n\n\n\n<h3 class=\"wp-block-heading\">Weniger Geistliche in Haft \u2013 mit Ausnahmen<\/h3>\n\n\n\n<p>Ein kleiner Hoffnungsschimmer: Die Zahl der inhaftierten Geistlichen ist im vergangenen Jahr zur\u00fcckgegangen. Nach Angaben von KIRCHE IN NOT waren 2025 weltweit 28 Priester und Ordensleute aufgrund von religi\u00f6ser Verfolgung in Haft oder anderweitig ihrer Freiheit beraubt. Im Jahr zuvor waren es noch 71. Der R\u00fcckgang ist vor allem auf die Entwicklung in Nicaragua zur\u00fcckzuf\u00fchren, wo die meisten der im Jahr 2024 inhaftierten Geistlichen inzwischen freigelassen wurden.<\/p>\n\n\n\n<p>In Belarus sank die Zahl der inhaftierten katholischen Priester ebenfalls leicht. In China hingegen nahm die Zahl der Festsetzungen zu, teilt KIRCHE IN NOT mit. Dort waren im Jahr 2025 insgesamt 14 Geistliche zeitweise in Haft oder unter Hausarrest, darunter mehrere Bisch\u00f6fe. Verl\u00e4ssliche Informationen zur Situation der Kirche in China seien weiterhin schwer zu erhalten, betont KIRCHE IN NOT.<\/p>\n\n\n\n<p>Auch in Indien kam es 2025 zu mehreren Festnahmen, betroffen waren ausschlie\u00dflich Ordensfrauen. Ihnen wurden unter anderem Entf\u00fchrung oder Menschenhandel vorgeworfen. Alle Betroffenen kamen sp\u00e4ter wieder frei.<\/p>\n\n\n\n<h3 class=\"wp-block-heading\">Entf\u00fchrungen von Kirchenmitarbeitern sind \u201eGesch\u00e4ftsmodell\u201c geworden<\/h3>\n\n\n\n<p>Ein gro\u00dfes Problem bleiben die Entf\u00fchrungen von Priester und Ordensleuten, auch wenn die gemeldeten F\u00e4lle leicht zur\u00fcckgingen. KIRCHE IN NOT wurden im vergangenen Jahr 38 entf\u00fchrte Priester und Ordensleuten gemeldet.<\/p>\n\n\n\n<p>Besonders betroffen ist weiterhin Nigeria, wo die Zahl der Entf\u00fchrungen sogar anstieg \u2013 von 17 auf 24 F\u00e4lle. Unter den Entf\u00fchrten waren auch Seminaristen und Ordensschwestern. Zwei Seminaristen wurden get\u00f6tet. Zum Jahresende galt noch ein Priester als vermisst; ein weiterer kam im Januar 2026 frei.<\/p>\n\n\n\n<p>Einen starken Anstieg verzeichnete auch Kamerun, wo 2025 insgesamt acht Priester entf\u00fchrt wurden, vor allem im konfliktreichen Nordwesten des Landes. Die meisten Betroffenen kamen wieder frei.<\/p>\n\n\n\n<p>Weitere Entf\u00fchrungen wurden unter anderem aus Kolumbien, Haiti und \u00c4thiopien gemeldet. Die Entf\u00fchrer geh\u00f6ren mehrheitlich islamistischen oder anderen extremistischen Gruppen an; in einigen Weltregionen haben auch kriminelle Banden Entf\u00fchrungen und die Erpressung von L\u00f6segeld zu einem \u201eGesch\u00e4ftszweig\u201c gemacht.<\/p>\n\n\n\n<h3 class=\"wp-block-heading\">Internationale Aufmerksamkeit hilft<\/h3>\n\n\n\n<p>Die Schicksale der ermordeten und entf\u00fchrten Geistlichen sind jedes Jahr bedr\u00fcckend. Wir k\u00f6nnen uns oft gar nicht vorstellen, was Christen in anderen L\u00e4ndern durchmachen \u2013 umso mehr brauchen sie unsere Hilfe.<\/p>\n\n\n\n<p>Die r\u00fcckl\u00e4ufigen Zahlen bei inhaftierten Priestern und Ordensleuten zeigten jedoch auch: \u00d6ffentliche Aufmerksamkeit und Druck helfen, damit ungerecht Inhaftierte freigelassen werden. Weiterhin gilt: Augen auf in Sachen Christenverfolgung!<\/p>\n","protected":false},"excerpt":{"rendered":"<p>Im vergangenen Jahr wurden weltweit mehr katholische Priester, Ordensleute und Seminaristen get\u00f6tet als 2024. Darauf weist KIRCHE IN NOT in einer aktuellen Auswertung hin. R\u00fcckl\u00e4ufig hingegen ist die Zahl der inhaftierten Geistlichen. Nach KIRCHE IN NOT vorliegenden Meldungen wurden 2025 weltweit 19 Kirchenmitarbeiter get\u00f6tet \u2013 im Jahr zuvor waren es 13. Bei den Get\u00f6teten handelt [&hellip;]<\/p>\n","protected":false},"author":2,"featured_media":3998,"comment_status":"closed","ping_status":"open","sticky":false,"template":"","format":"standard","meta":{"footnotes":""},"categories":[179],"tags":[6,27,64,117,69],"class_list":["post-5444","post","type-post","status-publish","format-standard","has-post-thumbnail","hentry","category-international","tag-afrika","tag-asien","tag-mord","tag-nordamerika","tag-sudamerika"],"_links":{"self":[{"href":"https:\/\/www.kircheinnot.at\/christenverfolgung\/wp-json\/wp\/v2\/posts\/5444","targetHints":{"allow":["GET"]}}],"collection":[{"href":"https:\/\/www.kircheinnot.at\/christenverfolgung\/wp-json\/wp\/v2\/posts"}],"about":[{"href":"https:\/\/www.kircheinnot.at\/christenverfolgung\/wp-json\/wp\/v2\/types\/post"}],"author":[{"embeddable":true,"href":"https:\/\/www.kircheinnot.at\/christenverfolgung\/wp-json\/wp\/v2\/users\/2"}],"replies":[{"embeddable":true,"href":"https:\/\/www.kircheinnot.at\/christenverfolgung\/wp-json\/wp\/v2\/comments?post=5444"}],"version-history":[{"count":1,"href":"https:\/\/www.kircheinnot.at\/christenverfolgung\/wp-json\/wp\/v2\/posts\/5444\/revisions"}],"predecessor-version":[{"id":5445,"href":"https:\/\/www.kircheinnot.at\/christenverfolgung\/wp-json\/wp\/v2\/posts\/5444\/revisions\/5445"}],"wp:featuredmedia":[{"embeddable":true,"href":"https:\/\/www.kircheinnot.at\/christenverfolgung\/wp-json\/wp\/v2\/media\/3998"}],"wp:attachment":[{"href":"https:\/\/www.kircheinnot.at\/christenverfolgung\/wp-json\/wp\/v2\/media?parent=5444"}],"wp:term":[{"taxonomy":"category","embeddable":true,"href":"https:\/\/www.kircheinnot.at\/christenverfolgung\/wp-json\/wp\/v2\/categories?post=5444"},{"taxonomy":"post_tag","embeddable":true,"href":"https:\/\/www.kircheinnot.at\/christenverfolgung\/wp-json\/wp\/v2\/tags?post=5444"}],"curies":[{"name":"wp","href":"https:\/\/api.w.org\/{rel}","templated":true}]}}