{"id":5446,"date":"2026-02-11T14:46:38","date_gmt":"2026-02-11T13:46:38","guid":{"rendered":"https:\/\/www.kircheinnot.at\/christenverfolgung\/?p=5446"},"modified":"2026-02-09T14:47:19","modified_gmt":"2026-02-09T13:47:19","slug":"bischoefe-beklagen-gewalt-gegen-priester","status":"publish","type":"post","link":"https:\/\/www.kircheinnot.at\/christenverfolgung\/bischoefe-beklagen-gewalt-gegen-priester\/","title":{"rendered":"Bisch\u00f6fe beklagen Gewalt gegen Priester"},"content":{"rendered":"\n<p>\u201eWir verurteilen mit Nachdruck die Angriffe auf Geistliche und Ordensleute sowie die Pl\u00fcnderung von Missionsstationen in unseren Di\u00f6zesen\u201c, hei\u00dft es in einer Erkl\u00e4rung der Bisch\u00f6fe von Sierra Leone nach einem neuen Gewaltakt, dessen Opfer ein Priester aus Sierra Leone wurde.<\/p>\n\n\n\n<p>Am 27. Januar wurde James Joshua Jamiru von einer Person angegriffen, die in das Pfarrhaus der Marienkirche in Pendembu in Upper Bambara eingedrungen war. Bei dem Angriff erlitt der Priester, der Pfarrer der Kirche ist, in der er angegriffen wurde, Verletzungen an H\u00e4nden, Kopf und beiden Knien.<br>Der Angreifer wurde anschlie\u00dfend von der Polizei festgenommen. In ihrer Erkl\u00e4rung bringen die Bisch\u00f6fe ihre \u201etiefe Besorgnis und Solidarit\u00e4t angesichts der h\u00e4ufigen Angriffe auf unsere Priester, unsere Ordensleute und der Pl\u00fcnderung von Missionsstationen\u201c zum Ausdruck.<\/p>\n\n\n\n<p>Die Bisch\u00f6fe erinnern daran, dass im August ein weiterer Pfarrer nach einem \u00dcberfall in seinem Haus get\u00f6tet wurde. Es handelt sich um Augustine Dauda Amadu, Pfarrer der Kirche der Unbefleckten Empf\u00e4ngnis in Kenema, der in der Nacht des 30. August bei einem \u00dcberfall auf sein Haus get\u00f6tet wurde.<\/p>\n\n\n\n<p>Sechs Personen wurden wegen des Mordes angeklagt. Nach Ermittlungen der Polizei waren sie mit einer selbstgebauten Pistole bewaffnet in das Pfarrhaus eingedrungen, um dem Priester einen Laptop im Wert von 350 Dollar und 5.000 Sierra-leonische-Leone in bar zu rauben. In den sechs Monaten, die seit der Ermordung von Pfarrer Amadu bis Verwundung von Pater Jamiru vergangen sind \u2013 so betonen die Bisch\u00f6fe \u2013 sei eine Zunahme von Diebst\u00e4hlen und Raub\u00fcberf\u00e4llen auf kirchliche Einrichtungen und Mitarbeiter zu verzeichnen gewesen.<\/p>\n\n\n\n<p>Nachdem sie ihre \u201eunersch\u00fctterliche Solidarit\u00e4t mit den Priestern, Ordensleuten und Laien bekr\u00e4ftigt haben, die durch bewaffnete Raub\u00fcberf\u00e4lle, das Eindringen in ihre Wohnungen und die systematische Pl\u00fcnderung des Eigentums der Missionen, das f\u00fcr den Dienst an den Armen und Bed\u00fcrftigen bestimmt ist, traumatisiert sind\u201d, erkl\u00e4ren die Bisch\u00f6fe, dass \u201ees Zeit ist, Schluss zu machen\u201d. Die Erkl\u00e4rung schlie\u00dft mit der Aufforderung an die Polizeibeh\u00f6rden, konkrete Ma\u00dfnahmen zu ergreifen, um weitere Gewalttaten zu verhindern. (Quelle: Fidesdienst, Bild: TUBS\/wikipedia)<br><br><\/p>\n\n\n\n<p><\/p>\n","protected":false},"excerpt":{"rendered":"<p>\u201eWir verurteilen mit Nachdruck die Angriffe auf Geistliche und Ordensleute sowie die Pl\u00fcnderung von Missionsstationen in unseren Di\u00f6zesen\u201c, hei\u00dft es in einer Erkl\u00e4rung der Bisch\u00f6fe von Sierra Leone nach einem neuen Gewaltakt, dessen Opfer ein Priester aus Sierra Leone wurde. Am 27. Januar wurde James Joshua Jamiru von einer Person angegriffen, die in das Pfarrhaus [&hellip;]<\/p>\n","protected":false},"author":2,"featured_media":5268,"comment_status":"closed","ping_status":"open","sticky":false,"template":"","format":"standard","meta":{"footnotes":""},"categories":[283],"tags":[6,284],"class_list":["post-5446","post","type-post","status-publish","format-standard","has-post-thumbnail","hentry","category-sierra-leone","tag-afrika","tag-sierra-leone"],"_links":{"self":[{"href":"https:\/\/www.kircheinnot.at\/christenverfolgung\/wp-json\/wp\/v2\/posts\/5446","targetHints":{"allow":["GET"]}}],"collection":[{"href":"https:\/\/www.kircheinnot.at\/christenverfolgung\/wp-json\/wp\/v2\/posts"}],"about":[{"href":"https:\/\/www.kircheinnot.at\/christenverfolgung\/wp-json\/wp\/v2\/types\/post"}],"author":[{"embeddable":true,"href":"https:\/\/www.kircheinnot.at\/christenverfolgung\/wp-json\/wp\/v2\/users\/2"}],"replies":[{"embeddable":true,"href":"https:\/\/www.kircheinnot.at\/christenverfolgung\/wp-json\/wp\/v2\/comments?post=5446"}],"version-history":[{"count":1,"href":"https:\/\/www.kircheinnot.at\/christenverfolgung\/wp-json\/wp\/v2\/posts\/5446\/revisions"}],"predecessor-version":[{"id":5447,"href":"https:\/\/www.kircheinnot.at\/christenverfolgung\/wp-json\/wp\/v2\/posts\/5446\/revisions\/5447"}],"wp:featuredmedia":[{"embeddable":true,"href":"https:\/\/www.kircheinnot.at\/christenverfolgung\/wp-json\/wp\/v2\/media\/5268"}],"wp:attachment":[{"href":"https:\/\/www.kircheinnot.at\/christenverfolgung\/wp-json\/wp\/v2\/media?parent=5446"}],"wp:term":[{"taxonomy":"category","embeddable":true,"href":"https:\/\/www.kircheinnot.at\/christenverfolgung\/wp-json\/wp\/v2\/categories?post=5446"},{"taxonomy":"post_tag","embeddable":true,"href":"https:\/\/www.kircheinnot.at\/christenverfolgung\/wp-json\/wp\/v2\/tags?post=5446"}],"curies":[{"name":"wp","href":"https:\/\/api.w.org\/{rel}","templated":true}]}}