{"id":5450,"date":"2026-02-18T14:38:17","date_gmt":"2026-02-18T13:38:17","guid":{"rendered":"https:\/\/www.kircheinnot.at\/christenverfolgung\/?p=5450"},"modified":"2026-02-18T14:38:19","modified_gmt":"2026-02-18T13:38:19","slug":"angriff-auf-katholische-pfarrkirche","status":"publish","type":"post","link":"https:\/\/www.kircheinnot.at\/christenverfolgung\/angriff-auf-katholische-pfarrkirche\/","title":{"rendered":"Angriff auf katholische Pfarrkirche in Ituri"},"content":{"rendered":"\n<p>Die katholische Pfarrkirche von Bul\u00e9 in der Hauptstadt von Bahema Badjere in der Provinz Ituri im Nordosten der Demokratischen Republik Kongo wurde gepl\u00fcndert und verw\u00fcstet. In der Nacht von Sonntag, dem 15. Februar, auf Montag rissen Unbekannte die Fensterrahmen der Kirche ein, \u00f6ffneten den Tabernakel und warfen die geweihten Hostien zu Boden. Anschlie\u00dfend stahlen die T\u00e4ter die Musikanlage und durchsuchten das Pfarrhaus.<\/p>\n\n\n\n<p>Der Angriff, dessen T\u00e4ter bisher unbekannt sind, ereignete sich in einer Zeit starker Spannungen. Erst k\u00fcrzlich kam es zu Zusammenst\u00f6\u00dfen zwischen den Streitkr\u00e4ften der Demokratischen Republik Kongo (FARDC) und Rebellen des Konvents f\u00fcr die Volksrevolution (Convention pour la r\u00e9volution populaire, CRP). Laut Angaben der Armee, die die unterdessen die R\u00fcckeroberung von Bul\u00e9 verk\u00fcndet hatte, wurden mehrere Rebellen get\u00f6tet.<\/p>\n\n\n\n<p>Im vergangenen Jahr trat die CRP als neue bewaffnete Gruppe im breiten Spektrum bewaffneter Gruppen in Ituri in Erscheinung. Die Gr\u00fcndung der CRP wurde am 25. M\u00e4rz 2025 auf einer Pressekonferenz in Kampala, der ugandischen Hauptstadt, von Thomas Lubanga bekannt gegeben, einem ehemaligen \u201eWarlord\u201c aus der Region. Lubanga war vom Internationalen Strafgerichtshof (IStGH) zu 14 Jahren Haft verurteilt worden, bevor er 2020 freigelassen wurde.<\/p>\n\n\n\n<p>Lubanga nutzte seine ethnische Herkunft aus und rekrutierte ehemalige Mitglieder der Milizen Zaire und MAPI, die sich haupts\u00e4chlich aus jungen M\u00e4nnern aus dem Volk der Hema zusammensetzten. Beide Milizen hatten ein Friedensabkommen mit der kongolesischen Regierung unterzeichnet, um am Prozess der Entwaffnung, Demobilisierung und Reintegration teilzunehmen. Entt\u00e4uscht von ihrem Scheitern bei der Wiedereingliederung in das zivile Leben, beschlossen viele von ihnen, sich jedoch der neuen bewaffneten Gruppe anzuschlie\u00dfen, die laut der Regierung in Kinshasa mit den von Ruanda unterst\u00fctzten M23-Rebellen verb\u00fcndet ist. (Quelle: Fidesdienst, Bild: TUBS\/wikipedia)<br><br><\/p>\n","protected":false},"excerpt":{"rendered":"<p>Die katholische Pfarrkirche von Bul\u00e9 in der Hauptstadt von Bahema Badjere in der Provinz Ituri im Nordosten der Demokratischen Republik Kongo wurde gepl\u00fcndert und verw\u00fcstet. In der Nacht von Sonntag, dem 15. Februar, auf Montag rissen Unbekannte die Fensterrahmen der Kirche ein, \u00f6ffneten den Tabernakel und warfen die geweihten Hostien zu Boden. Anschlie\u00dfend stahlen die [&hellip;]<\/p>\n","protected":false},"author":2,"featured_media":1518,"comment_status":"closed","ping_status":"open","sticky":false,"template":"","format":"standard","meta":{"footnotes":""},"categories":[172],"tags":[6,92,4,8,110],"class_list":["post-5450","post","type-post","status-publish","format-standard","has-post-thumbnail","hentry","category-demokratische-republik-kongo","tag-afrika","tag-angriff","tag-christenverfolgung","tag-islamisierung","tag-kongo"],"_links":{"self":[{"href":"https:\/\/www.kircheinnot.at\/christenverfolgung\/wp-json\/wp\/v2\/posts\/5450","targetHints":{"allow":["GET"]}}],"collection":[{"href":"https:\/\/www.kircheinnot.at\/christenverfolgung\/wp-json\/wp\/v2\/posts"}],"about":[{"href":"https:\/\/www.kircheinnot.at\/christenverfolgung\/wp-json\/wp\/v2\/types\/post"}],"author":[{"embeddable":true,"href":"https:\/\/www.kircheinnot.at\/christenverfolgung\/wp-json\/wp\/v2\/users\/2"}],"replies":[{"embeddable":true,"href":"https:\/\/www.kircheinnot.at\/christenverfolgung\/wp-json\/wp\/v2\/comments?post=5450"}],"version-history":[{"count":2,"href":"https:\/\/www.kircheinnot.at\/christenverfolgung\/wp-json\/wp\/v2\/posts\/5450\/revisions"}],"predecessor-version":[{"id":5452,"href":"https:\/\/www.kircheinnot.at\/christenverfolgung\/wp-json\/wp\/v2\/posts\/5450\/revisions\/5452"}],"wp:featuredmedia":[{"embeddable":true,"href":"https:\/\/www.kircheinnot.at\/christenverfolgung\/wp-json\/wp\/v2\/media\/1518"}],"wp:attachment":[{"href":"https:\/\/www.kircheinnot.at\/christenverfolgung\/wp-json\/wp\/v2\/media?parent=5450"}],"wp:term":[{"taxonomy":"category","embeddable":true,"href":"https:\/\/www.kircheinnot.at\/christenverfolgung\/wp-json\/wp\/v2\/categories?post=5450"},{"taxonomy":"post_tag","embeddable":true,"href":"https:\/\/www.kircheinnot.at\/christenverfolgung\/wp-json\/wp\/v2\/tags?post=5450"}],"curies":[{"name":"wp","href":"https:\/\/api.w.org\/{rel}","templated":true}]}}