{"id":5454,"date":"2026-02-23T08:18:00","date_gmt":"2026-02-23T07:18:00","guid":{"rendered":"https:\/\/www.kircheinnot.at\/christenverfolgung\/?p=5454"},"modified":"2026-02-20T11:26:00","modified_gmt":"2026-02-20T10:26:00","slug":"vandalismus-in-oesterreichischen-kirchen","status":"publish","type":"post","link":"https:\/\/www.kircheinnot.at\/christenverfolgung\/vandalismus-in-oesterreichischen-kirchen\/","title":{"rendered":"Vandalismus in \u00f6sterreichischen Kirchen"},"content":{"rendered":"\n<p>Im J\u00e4nner 2026 wurden in \u00d6sterreich zwei F\u00e4lle von Vandalismus verzeichnet, die beide auf wiederholte, gezielte Angriffe hindeuten und Schlie\u00dfungen der jeweiligen Kirchen zur Folge hatten.<\/p>\n\n\n\n<p><strong>Feldkirchen:<\/strong> Die Kirche <strong>Maria im Dorn<\/strong> wurde innerhalb kurzer Zeit bereits zum dritten Mal Ziel von Vandalismus. Der Innenraum wurde schwer besch\u00e4digt vorgefunden, wobei insbesondere die liturgische Einrichtung zerst\u00f6rt wurde. Dies f\u00fchrte zur vor\u00fcbergehenden Schlie\u00dfung der Kirche.<\/p>\n\n\n\n<p><strong>Steyr:<\/strong> Seit Dezember wurde eine Serie von Vandalismusvorf\u00e4llen registriert, die mehrere Kirchen betrafen. Dazu geh\u00f6rte auch das <strong>Inbrandsetzen eines Beichtstuhls<\/strong>, was ebenfalls dazu f\u00fchrte, dass die Kirche au\u00dferhalb der Gottesdienstzeiten f\u00fcr Besucher geschlossen bleibt. (Quelle: OIDAC, Foto: Pfarre Maria im Dorn Feldkirchen)<\/p>\n\n\n\n<p><\/p>\n","protected":false},"excerpt":{"rendered":"<p>Im J\u00e4nner 2026 wurden in \u00d6sterreich zwei F\u00e4lle von Vandalismus verzeichnet, die beide auf wiederholte, gezielte Angriffe hindeuten und Schlie\u00dfungen der jeweiligen Kirchen zur Folge hatten. Feldkirchen: Die Kirche Maria im Dorn wurde innerhalb kurzer Zeit bereits zum dritten Mal Ziel von Vandalismus. Der Innenraum wurde schwer besch\u00e4digt vorgefunden, wobei insbesondere die liturgische Einrichtung zerst\u00f6rt [&hellip;]<\/p>\n","protected":false},"author":2,"featured_media":5455,"comment_status":"closed","ping_status":"open","sticky":false,"template":"","format":"standard","meta":{"footnotes":""},"categories":[251],"tags":[28,151,87],"class_list":["post-5454","post","type-post","status-publish","format-standard","has-post-thumbnail","hentry","category-oesterreich","tag-europa","tag-osterreich","tag-vandalismus"],"_links":{"self":[{"href":"https:\/\/www.kircheinnot.at\/christenverfolgung\/wp-json\/wp\/v2\/posts\/5454","targetHints":{"allow":["GET"]}}],"collection":[{"href":"https:\/\/www.kircheinnot.at\/christenverfolgung\/wp-json\/wp\/v2\/posts"}],"about":[{"href":"https:\/\/www.kircheinnot.at\/christenverfolgung\/wp-json\/wp\/v2\/types\/post"}],"author":[{"embeddable":true,"href":"https:\/\/www.kircheinnot.at\/christenverfolgung\/wp-json\/wp\/v2\/users\/2"}],"replies":[{"embeddable":true,"href":"https:\/\/www.kircheinnot.at\/christenverfolgung\/wp-json\/wp\/v2\/comments?post=5454"}],"version-history":[{"count":2,"href":"https:\/\/www.kircheinnot.at\/christenverfolgung\/wp-json\/wp\/v2\/posts\/5454\/revisions"}],"predecessor-version":[{"id":5457,"href":"https:\/\/www.kircheinnot.at\/christenverfolgung\/wp-json\/wp\/v2\/posts\/5454\/revisions\/5457"}],"wp:featuredmedia":[{"embeddable":true,"href":"https:\/\/www.kircheinnot.at\/christenverfolgung\/wp-json\/wp\/v2\/media\/5455"}],"wp:attachment":[{"href":"https:\/\/www.kircheinnot.at\/christenverfolgung\/wp-json\/wp\/v2\/media?parent=5454"}],"wp:term":[{"taxonomy":"category","embeddable":true,"href":"https:\/\/www.kircheinnot.at\/christenverfolgung\/wp-json\/wp\/v2\/categories?post=5454"},{"taxonomy":"post_tag","embeddable":true,"href":"https:\/\/www.kircheinnot.at\/christenverfolgung\/wp-json\/wp\/v2\/tags?post=5454"}],"curies":[{"name":"wp","href":"https:\/\/api.w.org\/{rel}","templated":true}]}}