{"id":5682,"date":"2026-09-02T08:24:43","date_gmt":"2026-09-02T06:24:43","guid":{"rendered":"https:\/\/www.kircheinnot.at\/christenverfolgung\/?p=5682"},"modified":"2026-09-02T08:24:44","modified_gmt":"2026-09-02T06:24:44","slug":"zwei-ordensschwestern-bei-ueberfall-verletzt","status":"publish","type":"post","link":"https:\/\/www.kircheinnot.at\/christenverfolgung\/zwei-ordensschwestern-bei-ueberfall-verletzt\/","title":{"rendered":"Zwei Ordensschwestern bei Raub\u00fcberfall verletzt"},"content":{"rendered":"\n<p class=\"wp-block-paragraph\">Am 30. August wurden zwei Karmelitinnen, Schwester Helen und Schwester Ansa, auf dem Weg von Torit nach Juba nach dem Morgengottesdienst \u00fcberfallen. Ihr Fahrzeug wurde unterwegs angegriffen.<\/p>\n\n\n\n<p class=\"wp-block-paragraph\">Laut Radio \u201eEmmanuel 89\u201c schlug einer der Angreifer Schwester Helen mit dem Lauf eines Gewehrs auf den Kopf und verletzte sie. Die beiden Ordensschwestern und die anderen Fahrg\u00e4ste wurden ausgeraubt. Ersten, noch bruchst\u00fcckhaften Informationen zufolge nahmen die Angreifer au\u00dferdem zwei Kinder in ihre Gewalt, bevor sie flohen.<\/p>\n\n\n\n<p class=\"wp-block-paragraph\">Der Bischof von Torit, Emmanuel Bernardino Lowi Napeta, veranlasste umgehend Hilfsma\u00dfnahmen von Juba aus. Die beiden Ordensschwestern wurden in die Hauptstadt gebracht, wo Schwester Helen die notwendige medizinische Versorgung f\u00fcr ihre Verletzungen erhielt.<\/p>\n\n\n\n<p class=\"wp-block-paragraph\">Auf derselben Stra\u00dfe wurden am 16. August 2021 zwei Ordensschwestern der Kongregation der Schwestern vom Heiligsten Herzen Jesu get\u00f6tet: die ehemalige Generaloberin, Schwester Mary Daniel Abut, und Schwester Regina Roba, die zweimal dem Generalrat angeh\u00f6rt hatte. Die beiden Ordensschwestern wurden kaltbl\u00fctig ermordet, als sie nach den Feierlichkeiten zum 100-j\u00e4hrigen Jubil\u00e4um der Pfarrei Mari\u00e4 Himmelfahrt nach Juba zur\u00fcckkehrten. (Quelle: Fidesdienst, Foto: Fabrizio Demartis\/wikipedia)<\/p>\n","protected":false},"excerpt":{"rendered":"<p>Am 30. August wurden zwei Karmelitinnen, Schwester Helen und Schwester Ansa, auf dem Weg von Torit nach Juba nach dem Morgengottesdienst \u00fcberfallen. Ihr Fahrzeug wurde unterwegs angegriffen. Laut Radio \u201eEmmanuel 89\u201c schlug einer der Angreifer Schwester Helen mit dem Lauf eines Gewehrs auf den Kopf und verletzte sie. Die beiden Ordensschwestern und die anderen Fahrg\u00e4ste [&hellip;]<\/p>\n","protected":false},"author":2,"featured_media":5683,"comment_status":"closed","ping_status":"open","sticky":false,"template":"","format":"standard","meta":{"footnotes":""},"categories":[243],"tags":[6,63,109],"class_list":["post-5682","post","type-post","status-publish","format-standard","has-post-thumbnail","hentry","category-suedsudan","tag-afrika","tag-entfuhrung","tag-sudsudan"],"_links":{"self":[{"href":"https:\/\/www.kircheinnot.at\/christenverfolgung\/wp-json\/wp\/v2\/posts\/5682","targetHints":{"allow":["GET"]}}],"collection":[{"href":"https:\/\/www.kircheinnot.at\/christenverfolgung\/wp-json\/wp\/v2\/posts"}],"about":[{"href":"https:\/\/www.kircheinnot.at\/christenverfolgung\/wp-json\/wp\/v2\/types\/post"}],"author":[{"embeddable":true,"href":"https:\/\/www.kircheinnot.at\/christenverfolgung\/wp-json\/wp\/v2\/users\/2"}],"replies":[{"embeddable":true,"href":"https:\/\/www.kircheinnot.at\/christenverfolgung\/wp-json\/wp\/v2\/comments?post=5682"}],"version-history":[{"count":1,"href":"https:\/\/www.kircheinnot.at\/christenverfolgung\/wp-json\/wp\/v2\/posts\/5682\/revisions"}],"predecessor-version":[{"id":5684,"href":"https:\/\/www.kircheinnot.at\/christenverfolgung\/wp-json\/wp\/v2\/posts\/5682\/revisions\/5684"}],"wp:featuredmedia":[{"embeddable":true,"href":"https:\/\/www.kircheinnot.at\/christenverfolgung\/wp-json\/wp\/v2\/media\/5683"}],"wp:attachment":[{"href":"https:\/\/www.kircheinnot.at\/christenverfolgung\/wp-json\/wp\/v2\/media?parent=5682"}],"wp:term":[{"taxonomy":"category","embeddable":true,"href":"https:\/\/www.kircheinnot.at\/christenverfolgung\/wp-json\/wp\/v2\/categories?post=5682"},{"taxonomy":"post_tag","embeddable":true,"href":"https:\/\/www.kircheinnot.at\/christenverfolgung\/wp-json\/wp\/v2\/tags?post=5682"}],"curies":[{"name":"wp","href":"https:\/\/api.w.org\/{rel}","templated":true}]}}