{"id":633,"date":"2014-12-09T08:22:56","date_gmt":"2014-12-09T07:22:56","guid":{"rendered":"http:\/\/localhost\/christenverfolgung\/schueler-duerfen-nicht-mehr-pater-sagen-html\/"},"modified":"2023-02-23T11:32:16","modified_gmt":"2023-02-23T10:32:16","slug":"schueler-duerfen-nicht-mehr-pater-sagen-html","status":"publish","type":"post","link":"https:\/\/www.kircheinnot.at\/christenverfolgung\/schueler-duerfen-nicht-mehr-pater-sagen-html\/","title":{"rendered":"Sch\u00fcler d\u00fcrfen nicht mehr &#8222;Pater&#8220; sagen"},"content":{"rendered":"<p>Die in katholischen Schulen im indischen Staat Chhattisgarh t\u00e4tigen Missionare, sollen k\u00fcnftig von den Sch\u00fclern nicht mehr mit \u201cPater\u201d sondern mit \u201cHerr\u201d angesprochen werden, wie dies an anderen privaten Schulen \u00fcblich ist. Diese Bestimmungen sollen auf Anweisung hinduistischer Extremisten in den insgesamt 22 gr\u00f6\u00dftenteils von nichtchristlichen Sch\u00fclern besuchten katholischen Schulen im Verwaltungsdistrikt Bastar durchgesetzt werden. Nach einem Treffen mit Vertretern der hinduistischen Gruppen und der einheimischen Beh\u00f6rden willigten die katholischen Schulen ein, um Spannungen zu vermeiden. In katholischen Schulen sollen k\u00fcnftig auch Bilder gro\u00dfer Pers\u00f6nlichkeiten aller Religionen aufgeh\u00e4ngt werden, die sich im Bereich der Bildung verdient gemacht haben. <\/p>\n<p> Im Vorfeld der Absprachen hatte man den Christen in der Region vorgeworfen, \u201cdie Bildung als Instrument der Bekehrung zu nutzen\u201d. Darauf hatten Vertreter katholischer Schulen erwidert, man \u201crespektiere auch das Empfinden hinduistischer Sch\u00fcler\u201d.<br \/> Die qualitativ hochwertige Bildung an katholischen Schulen in Indien wird von Politikern, Intellektuellen, Akademikern und Eltern aus verschiedenen Glaubensgemeinschaften gesch\u00e4tzt.<br \/> Wie das Kinderhilfswerk UNICEF mitteilt, gibt es unterdessen in Indien rund 60 Millionen Kinder, die noch nie eine Schule besucht haben. (Quelle: Fidesdienst)<\/p>\n","protected":false},"excerpt":{"rendered":"<p>Die in katholischen Schulen im indischen Staat Chhattisgarh t\u00e4tigen Missionare, sollen k\u00fcnftig von den Sch\u00fclern nicht mehr mit \u201cPater\u201d sondern mit \u201cHerr\u201d angesprochen werden, wie dies an anderen privaten Schulen \u00fcblich ist. Diese Bestimmungen sollen auf Anweisung hinduistischer Extremisten in den insgesamt 22 gr\u00f6\u00dftenteils von nichtchristlichen Sch\u00fclern besuchten katholischen Schulen im Verwaltungsdistrikt Bastar durchgesetzt werden. [&hellip;]<\/p>\n","protected":false},"author":1,"featured_media":632,"comment_status":"closed","ping_status":"open","sticky":false,"template":"","format":"standard","meta":{"footnotes":""},"categories":[176],"tags":[27,30,60,3],"class_list":["post-633","post","type-post","status-publish","format-standard","has-post-thumbnail","hentry","category-indien","tag-asien","tag-diskriminierung-intoleranz","tag-hinduismus","tag-indien"],"_links":{"self":[{"href":"https:\/\/www.kircheinnot.at\/christenverfolgung\/wp-json\/wp\/v2\/posts\/633","targetHints":{"allow":["GET"]}}],"collection":[{"href":"https:\/\/www.kircheinnot.at\/christenverfolgung\/wp-json\/wp\/v2\/posts"}],"about":[{"href":"https:\/\/www.kircheinnot.at\/christenverfolgung\/wp-json\/wp\/v2\/types\/post"}],"author":[{"embeddable":true,"href":"https:\/\/www.kircheinnot.at\/christenverfolgung\/wp-json\/wp\/v2\/users\/1"}],"replies":[{"embeddable":true,"href":"https:\/\/www.kircheinnot.at\/christenverfolgung\/wp-json\/wp\/v2\/comments?post=633"}],"version-history":[{"count":1,"href":"https:\/\/www.kircheinnot.at\/christenverfolgung\/wp-json\/wp\/v2\/posts\/633\/revisions"}],"predecessor-version":[{"id":3610,"href":"https:\/\/www.kircheinnot.at\/christenverfolgung\/wp-json\/wp\/v2\/posts\/633\/revisions\/3610"}],"wp:featuredmedia":[{"embeddable":true,"href":"https:\/\/www.kircheinnot.at\/christenverfolgung\/wp-json\/wp\/v2\/media\/632"}],"wp:attachment":[{"href":"https:\/\/www.kircheinnot.at\/christenverfolgung\/wp-json\/wp\/v2\/media?parent=633"}],"wp:term":[{"taxonomy":"category","embeddable":true,"href":"https:\/\/www.kircheinnot.at\/christenverfolgung\/wp-json\/wp\/v2\/categories?post=633"},{"taxonomy":"post_tag","embeddable":true,"href":"https:\/\/www.kircheinnot.at\/christenverfolgung\/wp-json\/wp\/v2\/tags?post=633"}],"curies":[{"name":"wp","href":"https:\/\/api.w.org\/{rel}","templated":true}]}}