{"id":661,"date":"2015-01-22T10:02:10","date_gmt":"2015-01-22T09:02:10","guid":{"rendered":"http:\/\/localhost\/christenverfolgung\/anschlag-auf-eine-kirche-neu-delhi-html\/"},"modified":"2023-02-23T11:32:00","modified_gmt":"2023-02-23T10:32:00","slug":"anschlag-auf-eine-kirche-neu-delhi-html","status":"publish","type":"post","link":"https:\/\/www.kircheinnot.at\/christenverfolgung\/anschlag-auf-eine-kirche-neu-delhi-html\/","title":{"rendered":"Anschlag auf eine Kirche in Neu Delhi"},"content":{"rendered":"<p>Drei M\u00e4nner wurden in New Delhi im Zusammenhang mit dem Anschlag auf eine katholische Kirche im Stadtteil Vikaspuri am vergangenen 14. Januar festgenommen. Dies teilt der Sprecher der Erzdi\u00f6zese Delhi, Savarimuthu Sankar, mit, der auch pr\u00e4zisiert, dass es sich bei den Verd\u00e4chtigen um Sikh handelt.&nbsp;Bei den drei M\u00e4nnern handelt es sich um Narender Singh (33), Michel Pal Singh Gill (25) und Harpreet Singh Dhanjal (28). Die drei wurden von einer \u00dcberwachsungskamera gefilmt, w\u00e4hrend sie ein Fenster zertr\u00fcmmerten und in die Kirche eindrangen, wo sie Statuen besch\u00e4digten und Einrichtungsgegenst\u00e4nde verw\u00fcsteten. <\/p>\n<p> Wie der stellvertretender zust\u00e4ndige Kommissar Pushpendra Kumar mitteilte, sollen die drei Einbrecher alkoholisiert gewesen sein. \u201cDer Einbruch in die Kirche war eine verr\u00fcckte Wette zwischen den drei M\u00e4nnern\u201d, so der Beamte. \u201cAuf der einen Seite freuen wir uns, dass Ermittlungsergebnisse vorliegen, doch was uns \u00fcberrascht ist, dass es sich bei den angeblichen T\u00e4tern um Sikh handelt\u201c, so der Sprecher der Di\u00f6zese. \u201cMit den Sikh unterhalten wir als Christen ausgezeichnete Beziehungen im Zeichen des gegenseitigen Respekts und der Freundschaft und oft helfen sich die beiden Glaubensgemeinschaften oder sch\u00fctzen sich gegenseitig\u201d, so Pfarrer Sankar. \u201cVertreter der Glaubensgemeinschaft der Sikh haben uns ihre Verbundenheit und Unterst\u00fctzung nach dem Einbruch zum Ausdruck gebracht\u201d. Doch auch politische Gr\u00fcnde schlie\u00dft der Pressesprecher nicht aus: \u201cMit dem Herannahen der Wahl in Delhi am kommenden 7. Februar k\u00f6nnte es auch sein, dass eine Polarisierung zwischen den Religionsgemeinschaften provoziert werden soll. Es ist nicht auszuschlie\u00dfen, dass den drei arbeitslosen jungen M\u00e4nnern Geld angeboten wurde. Doch wir wollen nicht in eine solche Falle geraten. Ich werden Erzbischof Anil Couto von Delhi bitte, sich in Kontakt mit den f\u00fchrenden Vertretern der Sikh zu setzen, damit sie eine gemeinsame Erkl\u00e4rung ver\u00f6ffentlichen und den gemeinsamen Willen zu einem friedlichen und harmonischen Zusammenleben betonen\u201c, so Pfarrer Sankar abschlie\u00dfend. (Quelle Fidesdienst<\/p>\n","protected":false},"excerpt":{"rendered":"<p>Drei M\u00e4nner wurden in New Delhi im Zusammenhang mit dem Anschlag auf eine katholische Kirche im Stadtteil Vikaspuri am vergangenen 14. Januar festgenommen. Dies teilt der Sprecher der Erzdi\u00f6zese Delhi, Savarimuthu Sankar, mit, der auch pr\u00e4zisiert, dass es sich bei den Verd\u00e4chtigen um Sikh handelt.&nbsp;Bei den drei M\u00e4nnern handelt es sich um Narender Singh (33), [&hellip;]<\/p>\n","protected":false},"author":1,"featured_media":660,"comment_status":"closed","ping_status":"open","sticky":false,"template":"","format":"standard","meta":{"footnotes":""},"categories":[176],"tags":[31,27,3,73],"class_list":["post-661","post","type-post","status-publish","format-standard","has-post-thumbnail","hentry","category-indien","tag-anschlag","tag-asien","tag-indien","tag-schandung"],"_links":{"self":[{"href":"https:\/\/www.kircheinnot.at\/christenverfolgung\/wp-json\/wp\/v2\/posts\/661","targetHints":{"allow":["GET"]}}],"collection":[{"href":"https:\/\/www.kircheinnot.at\/christenverfolgung\/wp-json\/wp\/v2\/posts"}],"about":[{"href":"https:\/\/www.kircheinnot.at\/christenverfolgung\/wp-json\/wp\/v2\/types\/post"}],"author":[{"embeddable":true,"href":"https:\/\/www.kircheinnot.at\/christenverfolgung\/wp-json\/wp\/v2\/users\/1"}],"replies":[{"embeddable":true,"href":"https:\/\/www.kircheinnot.at\/christenverfolgung\/wp-json\/wp\/v2\/comments?post=661"}],"version-history":[{"count":1,"href":"https:\/\/www.kircheinnot.at\/christenverfolgung\/wp-json\/wp\/v2\/posts\/661\/revisions"}],"predecessor-version":[{"id":3596,"href":"https:\/\/www.kircheinnot.at\/christenverfolgung\/wp-json\/wp\/v2\/posts\/661\/revisions\/3596"}],"wp:featuredmedia":[{"embeddable":true,"href":"https:\/\/www.kircheinnot.at\/christenverfolgung\/wp-json\/wp\/v2\/media\/660"}],"wp:attachment":[{"href":"https:\/\/www.kircheinnot.at\/christenverfolgung\/wp-json\/wp\/v2\/media?parent=661"}],"wp:term":[{"taxonomy":"category","embeddable":true,"href":"https:\/\/www.kircheinnot.at\/christenverfolgung\/wp-json\/wp\/v2\/categories?post=661"},{"taxonomy":"post_tag","embeddable":true,"href":"https:\/\/www.kircheinnot.at\/christenverfolgung\/wp-json\/wp\/v2\/tags?post=661"}],"curies":[{"name":"wp","href":"https:\/\/api.w.org\/{rel}","templated":true}]}}