{"id":671,"date":"2015-02-03T12:44:11","date_gmt":"2015-02-03T11:44:11","guid":{"rendered":"http:\/\/localhost\/christenverfolgung\/kath-kirche-neu-delhi-verwuestet-html\/"},"modified":"2023-02-23T11:31:55","modified_gmt":"2023-02-23T10:31:55","slug":"kath-kirche-neu-delhi-verwuestet-html","status":"publish","type":"post","link":"https:\/\/www.kircheinnot.at\/christenverfolgung\/kath-kirche-neu-delhi-verwuestet-html\/","title":{"rendered":"Kath. Kirche in Neu Delhi verw\u00fcstet"},"content":{"rendered":"<p>Die katholische Kirche \u201cSt. Alfonsine\u201d im Zentrum von New Delhi wurde in der Nacht vom 1. auf den 2. Februar von Unbekannten verw\u00fcstet. Dies teilt der Sekret\u00e4r der Kommission f\u00fcr Gerechtigkeit, Frieden und Entwicklung, Pfarrer Charles Irudayam, mit. <br \/> \u201cWir wissen nicht, wer die T\u00e4ter sind, oder von wem sie zu dieser Tat angestiftet wurden\u201d, so Pfarrer Irudayam. \u201eSie haben die Pforte aufgebrochen und sind in das Kirchengeb\u00e4ude eingedrungen, wo sie Einrichtung verw\u00fcsteten. Das Tabernakel wurde ge\u00f6ffnet und die Hostien auf dem Boden verstreut. Wir sind entsetzt\u201c. In der Kirche gab es keine \u00dcberwachungskameras.<\/p>\n<p> \u201cWir kennen die Tatmotive nicht und hoffen auf baldige Ermittlungsergebnisse\u201d, so der katholische Geistliche weiter. \u201eEs ist bereits der f\u00fcnfte \u00dcbergriff dieser Art in Delhi in den vergangenen zwei Monaten: es handelt sich also nicht mehr um einen Einzelfall. Es gibt Menschen, die das soziale und religi\u00f6se Zusammenleben zerst\u00f6ren oder aus politischen Gr\u00fcnden Spannungen hervorrufen wollen\u201d. Am kommenden 7. Februar finden in Delhi Wahlen statt. \u201cSolche \u00dcbergriffe nehmen zu, seit die Baratiya Janata Party das Land regiert\u201d, beklagt Pfarrer Irudayam, \u201cDas Schweigen der Regierung macht uns betroffen. Die Kirche mit Nachdruck entsprechende Sicherheitsma\u00dfnahmen, doch bisher gab es keine Antwort\u201d.<\/p>\n<p> Der erste \u00dcbergriff auf eine Kirche in Delhi wurde am 1. Dezember ver\u00fcbt: damals wurde die Kirche \u201cSt. Sebastian\u201d in Brand gesteckt. Eine Woche sp\u00e4ter warfen Unbekannte Steine gegen die Kirche \u201cUnsere liebe Frau von Fatima\u201d im S\u00fcden von Delhi. Am 3. Januar wurde bei einem mysteri\u00f6sen Brand eine Krippe in der \u201cAuferstehungs\u201d-Kirche im Norden der Stadt verw\u00fcstet. Am 14. Januar verw\u00fcsteten mehrere M\u00e4nner (die aufgrund einer \u00dcberwachungskamera identifiziert werden konnten) eine Marienkirche. Bisher wurden die \u00dcbergriffe in Stadtrandgebieten ver\u00fcbt, w\u00e4hrend das Ziel des gestrigen Anschlags eine Kirche im Zentrum der Stadt war. (Quelle: Fidesdienst, Bild: TUBS)<\/p>\n","protected":false},"excerpt":{"rendered":"<p>Die katholische Kirche \u201cSt. Alfonsine\u201d im Zentrum von New Delhi wurde in der Nacht vom 1. auf den 2. Februar von Unbekannten verw\u00fcstet. Dies teilt der Sekret\u00e4r der Kommission f\u00fcr Gerechtigkeit, Frieden und Entwicklung, Pfarrer Charles Irudayam, mit. \u201cWir wissen nicht, wer die T\u00e4ter sind, oder von wem sie zu dieser Tat angestiftet wurden\u201d, so [&hellip;]<\/p>\n","protected":false},"author":1,"featured_media":670,"comment_status":"closed","ping_status":"open","sticky":false,"template":"","format":"standard","meta":{"footnotes":""},"categories":[176],"tags":[31,27,3,73],"class_list":["post-671","post","type-post","status-publish","format-standard","has-post-thumbnail","hentry","category-indien","tag-anschlag","tag-asien","tag-indien","tag-schandung"],"_links":{"self":[{"href":"https:\/\/www.kircheinnot.at\/christenverfolgung\/wp-json\/wp\/v2\/posts\/671","targetHints":{"allow":["GET"]}}],"collection":[{"href":"https:\/\/www.kircheinnot.at\/christenverfolgung\/wp-json\/wp\/v2\/posts"}],"about":[{"href":"https:\/\/www.kircheinnot.at\/christenverfolgung\/wp-json\/wp\/v2\/types\/post"}],"author":[{"embeddable":true,"href":"https:\/\/www.kircheinnot.at\/christenverfolgung\/wp-json\/wp\/v2\/users\/1"}],"replies":[{"embeddable":true,"href":"https:\/\/www.kircheinnot.at\/christenverfolgung\/wp-json\/wp\/v2\/comments?post=671"}],"version-history":[{"count":1,"href":"https:\/\/www.kircheinnot.at\/christenverfolgung\/wp-json\/wp\/v2\/posts\/671\/revisions"}],"predecessor-version":[{"id":3591,"href":"https:\/\/www.kircheinnot.at\/christenverfolgung\/wp-json\/wp\/v2\/posts\/671\/revisions\/3591"}],"wp:featuredmedia":[{"embeddable":true,"href":"https:\/\/www.kircheinnot.at\/christenverfolgung\/wp-json\/wp\/v2\/media\/670"}],"wp:attachment":[{"href":"https:\/\/www.kircheinnot.at\/christenverfolgung\/wp-json\/wp\/v2\/media?parent=671"}],"wp:term":[{"taxonomy":"category","embeddable":true,"href":"https:\/\/www.kircheinnot.at\/christenverfolgung\/wp-json\/wp\/v2\/categories?post=671"},{"taxonomy":"post_tag","embeddable":true,"href":"https:\/\/www.kircheinnot.at\/christenverfolgung\/wp-json\/wp\/v2\/tags?post=671"}],"curies":[{"name":"wp","href":"https:\/\/api.w.org\/{rel}","templated":true}]}}