{"id":679,"date":"2015-02-09T10:32:49","date_gmt":"2015-02-09T09:32:49","guid":{"rendered":"http:\/\/localhost\/christenverfolgung\/staatl-ermittlungen-nach-anschlaegen-html\/"},"modified":"2023-02-23T11:31:28","modified_gmt":"2023-02-23T10:31:28","slug":"staatl-ermittlungen-nach-anschlaegen-html","status":"publish","type":"post","link":"https:\/\/www.kircheinnot.at\/christenverfolgung\/staatl-ermittlungen-nach-anschlaegen-html\/","title":{"rendered":"Staatl. Ermittlungen nach Anschl\u00e4gen"},"content":{"rendered":"<p>Der indische Innenminister Rajnath Singh bringt heute polizeiliche Ermittlungen im Zusammenhang mit den j\u00fcngsten Anschl\u00e4gen auf katholische Kirchen in der Hauptstadt New Delhi auf den Weg. Dies hatte der Minister bei einer Begegnung mit christlichen Religionsvertretern bekannt gegeben, die er im Anschluss an Protestkundgebungen gegen die bisherige Unt\u00e4tigkeit der Regierung am 5. Februar zu Gespr\u00e4chen empfing. Der Delegation, die beim Minister vorsprach geh\u00f6rten unter anderem der Generalvikar der Erzdi\u00f6zese Delhi, Pfarrer Sebastian Susai, und John Dayal von der Kommission f\u00fcr Minderheiten an. Im Rahmen der Gespr\u00e4che soll Rajnath Singh Vorw\u00fcrfe der \u201cKomplizenschaft und Gleichg\u00fcltigkeit der Polizei\u201d entschieden abgewiesen haben: \u201cDie Regierung diskriminiert niemanden auf der Grundlage der Religion, der Kaste oder der Gemeinschaft\u201d.<\/p>\n<p> Unterdessen beklagten die Delegierten, dass \u201edie Sch\u00e4ndung von heiligen St\u00e4tten bisher unbestraft blieben\u201d. Zuletzt war bei einem Einbruch in die St. Alphonsine-Kirche das Tabernakel besch\u00e4digt worden. \u201cDiese Geste zielt eindeutig auf die Verletzung des religi\u00f6sen Empfindens der Gemeinde ab\u201d, so der Gemeindepfarrer.<\/p>\n<p> In einem detaillierten Memorandum an den Premierminister dokumentiert die Delegation die f\u00fcnf Anschl\u00e4ge auf katholische Kirchen und Daten zur Welle der Gewalt gegen Christen im vergangenen Jahr. \u201eAuch in anderen Teilen des Landes kommet es weiterhin zu gezielter Gewalt und einer brutalen Hasskampagne\u201d, hei\u00dft es in dem Memorandum. \u201cEin Gro\u00dfteil der Gewalt fand nach der Macht\u00fcbernahme der neuen Regierung unter Premierminister Narendra Modi im Mai 2014 statt. Zu einem H\u00f6hepunkt kam es von August bis Oktober mit insgesamt 56 F\u00e4llen, doch auch 2015 wurde die Gewalt fortgesetzt\u201d.<\/p>\n<p> Das Dokument erinnert auch daran, dass \u201cdie indische Verfassung ein heiliges Buch der Demokratie ist. Sie ist ein Polarstern f\u00fcr den sozialen und wirtschaftlichen Wandel eines Indien, das Pluralismus, Toleranz und Harmonie hochh\u00e4lt\u201d. Deshalb fordern die Delegierten von der Regierung Ma\u00dfnahmen zum Schutz der Gewalt zwischen verschiedenen Gemeinschaften. (Quelle: Fidesdienst, Bild: TUBS)<\/p>\n","protected":false},"excerpt":{"rendered":"<p>Der indische Innenminister Rajnath Singh bringt heute polizeiliche Ermittlungen im Zusammenhang mit den j\u00fcngsten Anschl\u00e4gen auf katholische Kirchen in der Hauptstadt New Delhi auf den Weg. Dies hatte der Minister bei einer Begegnung mit christlichen Religionsvertretern bekannt gegeben, die er im Anschluss an Protestkundgebungen gegen die bisherige Unt\u00e4tigkeit der Regierung am 5. Februar zu Gespr\u00e4chen [&hellip;]<\/p>\n","protected":false},"author":1,"featured_media":678,"comment_status":"closed","ping_status":"open","sticky":false,"template":"","format":"standard","meta":{"footnotes":""},"categories":[176],"tags":[31,27,3,73],"class_list":["post-679","post","type-post","status-publish","format-standard","has-post-thumbnail","hentry","category-indien","tag-anschlag","tag-asien","tag-indien","tag-schandung"],"_links":{"self":[{"href":"https:\/\/www.kircheinnot.at\/christenverfolgung\/wp-json\/wp\/v2\/posts\/679","targetHints":{"allow":["GET"]}}],"collection":[{"href":"https:\/\/www.kircheinnot.at\/christenverfolgung\/wp-json\/wp\/v2\/posts"}],"about":[{"href":"https:\/\/www.kircheinnot.at\/christenverfolgung\/wp-json\/wp\/v2\/types\/post"}],"author":[{"embeddable":true,"href":"https:\/\/www.kircheinnot.at\/christenverfolgung\/wp-json\/wp\/v2\/users\/1"}],"replies":[{"embeddable":true,"href":"https:\/\/www.kircheinnot.at\/christenverfolgung\/wp-json\/wp\/v2\/comments?post=679"}],"version-history":[{"count":1,"href":"https:\/\/www.kircheinnot.at\/christenverfolgung\/wp-json\/wp\/v2\/posts\/679\/revisions"}],"predecessor-version":[{"id":3587,"href":"https:\/\/www.kircheinnot.at\/christenverfolgung\/wp-json\/wp\/v2\/posts\/679\/revisions\/3587"}],"wp:featuredmedia":[{"embeddable":true,"href":"https:\/\/www.kircheinnot.at\/christenverfolgung\/wp-json\/wp\/v2\/media\/678"}],"wp:attachment":[{"href":"https:\/\/www.kircheinnot.at\/christenverfolgung\/wp-json\/wp\/v2\/media?parent=679"}],"wp:term":[{"taxonomy":"category","embeddable":true,"href":"https:\/\/www.kircheinnot.at\/christenverfolgung\/wp-json\/wp\/v2\/categories?post=679"},{"taxonomy":"post_tag","embeddable":true,"href":"https:\/\/www.kircheinnot.at\/christenverfolgung\/wp-json\/wp\/v2\/tags?post=679"}],"curies":[{"name":"wp","href":"https:\/\/api.w.org\/{rel}","templated":true}]}}