{"id":699,"date":"2015-03-04T10:25:19","date_gmt":"2015-03-04T09:25:19","guid":{"rendered":"http:\/\/localhost\/christenverfolgung\/laesst-19-christliche-geiseln-frei-html\/"},"modified":"2023-02-27T16:18:32","modified_gmt":"2023-02-27T15:18:32","slug":"laesst-19-christliche-geiseln-frei-html","status":"publish","type":"post","link":"https:\/\/www.kircheinnot.at\/christenverfolgung\/laesst-19-christliche-geiseln-frei-html\/","title":{"rendered":"IS l\u00e4sst 19 christliche Geiseln frei"},"content":{"rendered":"<p>Am Nachmittag des gestrigen 1. M\u00e4rz wurden 19 der von den Dschihadisten des Islamischen Staates (IS) am vergangenen 23. Februar aus den christlichen D\u00f6rfern entlang des Flusses Khabur im Nordosten des Landes verschleppten Geiseln freigelassen. \u201cEs handelt sich um eine kleine Gruppe im Vergleich zu den Hunderten von christlichen Geiseln, die sich noch in den H\u00e4nden des IS befinden, doch die Verhandlungen um die Freilassung der anderen werden fortgesetzt und wir sind guter Hoffnung\u201d, so der syrisch-katholische Erzbischof Jacques Behnan von Hassak\u00e8-Nisibi. <\/p>\n<p> Die Vertreter der einheimischen Kirchen und Gemeinden bem\u00fchen sich mit Unterst\u00fctzung einheimischer Muslimischer Stammesf\u00fchrer um Kontakte und Verhandlungen mit den Milizion\u00e4ren des IS. \u201cDie Verhandlungen gestalten sich schwierig\u201d, so der Erzbischof, \u201cund jede Initiative und jedes Wort, das nicht angemessen ist, k\u00f6nnte f\u00fcr alle zur Gefahr werden\u201d. In diesem Zusammenhang \u00fcbt Erzbischof Hindo Kritik an einem gestern von den Selbstverteidigungsgruppen im Irak, die mit dem &#8218;Assyrian Democratic Movement in Verbindung stehen, die sich bereit erkl\u00e4rten in Syrien einzugreifen, um die Christen in der Provinz Dschadsira vor den \u00dcbergriffen der Dschihadisten zu sch\u00fctzen. \u201cIn einer von Konflikten beherrschten Zeit\u201d, so der Erzbischof, \u201ckann das Auftreten christlicher Milizen zu Missverst\u00e4ndnissen und Instrumentalisierungen f\u00fchren und die Geiseln gef\u00e4hrden. Wenn sie gegen das Kalifat k\u00e4mpfen wollen, sollen sie in den Reihen der regul\u00e4ren Armee oder der Kurden k\u00e4mpfen, ohne dass konfessione lle Milizen gebildet werden\u201d. <\/p>\n<p> Die 19 freigelassenen Geiseln kommen aus Tel Goran. Unter ihnen befinden sich auch zwei Frauen, darunter eine Schwangere, die eine 6j\u00e4hrige Tochter in den H\u00e4nden der Dschihadisten hinterlassen musste. Unterdessen haben die kurdischen Milizen und die syrische Armee Gebiete in der N\u00e4he von Quamishli zur\u00fcckerobert, w\u00e4hrend sich die assyrischen D\u00f6rfer im Khabur-Tal noch in den H\u00e4nden der Dschihadisten befinden. \u201cSeit Beginn der dschihadistischen Offensive gegen diese D\u00f6rfer\u201d, beklagt Erzbischof Hindo ein weiteres Mal, \u201cgab es keine internationalen Luftangriffe auf die Stellungen des Islamischen Staates\u201d. (Quelle: Fidesdienst)<\/p>\n","protected":false},"excerpt":{"rendered":"<p>Am Nachmittag des gestrigen 1. M\u00e4rz wurden 19 der von den Dschihadisten des Islamischen Staates (IS) am vergangenen 23. Februar aus den christlichen D\u00f6rfern entlang des Flusses Khabur im Nordosten des Landes verschleppten Geiseln freigelassen. \u201cEs handelt sich um eine kleine Gruppe im Vergleich zu den Hunderten von christlichen Geiseln, die sich noch in den [&hellip;]<\/p>\n","protected":false},"author":1,"featured_media":698,"comment_status":"closed","ping_status":"open","sticky":false,"template":"","format":"standard","meta":{"footnotes":""},"categories":[200],"tags":[63,93,8,39,16],"class_list":["post-699","post","type-post","status-publish","format-standard","has-post-thumbnail","hentry","category-syrien","tag-entfuhrung","tag-is","tag-islamisierung","tag-naher-osten","tag-syrien"],"_links":{"self":[{"href":"https:\/\/www.kircheinnot.at\/christenverfolgung\/wp-json\/wp\/v2\/posts\/699","targetHints":{"allow":["GET"]}}],"collection":[{"href":"https:\/\/www.kircheinnot.at\/christenverfolgung\/wp-json\/wp\/v2\/posts"}],"about":[{"href":"https:\/\/www.kircheinnot.at\/christenverfolgung\/wp-json\/wp\/v2\/types\/post"}],"author":[{"embeddable":true,"href":"https:\/\/www.kircheinnot.at\/christenverfolgung\/wp-json\/wp\/v2\/users\/1"}],"replies":[{"embeddable":true,"href":"https:\/\/www.kircheinnot.at\/christenverfolgung\/wp-json\/wp\/v2\/comments?post=699"}],"version-history":[{"count":1,"href":"https:\/\/www.kircheinnot.at\/christenverfolgung\/wp-json\/wp\/v2\/posts\/699\/revisions"}],"predecessor-version":[{"id":3577,"href":"https:\/\/www.kircheinnot.at\/christenverfolgung\/wp-json\/wp\/v2\/posts\/699\/revisions\/3577"}],"wp:featuredmedia":[{"embeddable":true,"href":"https:\/\/www.kircheinnot.at\/christenverfolgung\/wp-json\/wp\/v2\/media\/698"}],"wp:attachment":[{"href":"https:\/\/www.kircheinnot.at\/christenverfolgung\/wp-json\/wp\/v2\/media?parent=699"}],"wp:term":[{"taxonomy":"category","embeddable":true,"href":"https:\/\/www.kircheinnot.at\/christenverfolgung\/wp-json\/wp\/v2\/categories?post=699"},{"taxonomy":"post_tag","embeddable":true,"href":"https:\/\/www.kircheinnot.at\/christenverfolgung\/wp-json\/wp\/v2\/tags?post=699"}],"curies":[{"name":"wp","href":"https:\/\/api.w.org\/{rel}","templated":true}]}}