{"id":855,"date":"2015-09-17T09:29:22","date_gmt":"2015-09-17T07:29:22","guid":{"rendered":"http:\/\/localhost\/christenverfolgung\/morddrohungen-gegen-kath-aktivisten-html\/"},"modified":"2023-02-23T11:30:10","modified_gmt":"2023-02-23T10:30:10","slug":"morddrohungen-gegen-kath-aktivisten-html","status":"publish","type":"post","link":"https:\/\/www.kircheinnot.at\/christenverfolgung\/morddrohungen-gegen-kath-aktivisten-html\/","title":{"rendered":"Morddrohungen gegen kath. Aktivisten"},"content":{"rendered":"<p>Der katholische Menschenrechtsaktivist John Dayal wird von gewaltbereiten Hindus bedroht. Dies berichten Beobachter aus katholischen Kreisen in Indien. Dayal erstattete wegen der Morddrohungen Anklage bei der Polizei in New Delhi. Wie der Sprecher der Erzdi\u00f6zese New Delhi Pfarrer Savari Muthu best\u00e4tigt erhielt Dayal seit dem 12. September immer wieder Anrufe mit Drohungen, die auch in sozialen Netzwerken zum Ausdruck gebracht wurden, wo er auch wegen seines christlichen Glaubens beleidigt wurde.&nbsp;Dayal ist Mitglied des Nationalen Integrationsrates uns Generalsekret\u00e4r des All India Christian Council. \u201cIch erhalten immer wieder Drohungen und lebe in st\u00e4ndiger Angst. Bereits in der Vergangenheit habe sich Anzeige erstattet, doch es wurden bis heute von den Beh\u00f6rden keine Ma\u00dfnahmen ergriffen\u201d so Dayal. <\/p>\n<p> Wie Beobachter berichten wurde eine Hasskampagne gegen die gesamte christliche Glaubensgemeinschaft auf den Weg gebracht: \u201cMan scheint ganz offensichtlich die religi\u00f6se Harmonie st\u00f6ren zu wollen und beleidigt dabei das Empfinden der christlichen Glaubensgemeinschaft\u201d, so Aktivisten. Unterdessen bringen auch bekannte nichtchristliche Menschenrechtsaktivisten ihre Solidarit\u00e4t zum Ausdruck, darunter Ram Puniyani, Mitglied des Indian Secular Forum: \u201cDie Morddrohungen gegen John Dayal sind sehr beunruhigend. John Dayal ist Mitglied des Nationalen Rates f\u00fcr Integration. Er setzt sich ernsthaft f\u00fcr die Werte des Pluralismus, die s\u00e4kularen Staatsform und die Harmonie und f\u00fcr den Schutz der Schwachen und die Rechte von Minderheiten, Dalit und tribalen St\u00e4mmen ein\u201d. (Quelle: Fidesdienst)<\/p>\n","protected":false},"excerpt":{"rendered":"<p>Der katholische Menschenrechtsaktivist John Dayal wird von gewaltbereiten Hindus bedroht. Dies berichten Beobachter aus katholischen Kreisen in Indien. Dayal erstattete wegen der Morddrohungen Anklage bei der Polizei in New Delhi. Wie der Sprecher der Erzdi\u00f6zese New Delhi Pfarrer Savari Muthu best\u00e4tigt erhielt Dayal seit dem 12. September immer wieder Anrufe mit Drohungen, die auch in [&hellip;]<\/p>\n","protected":false},"author":1,"featured_media":854,"comment_status":"closed","ping_status":"open","sticky":false,"template":"","format":"standard","meta":{"footnotes":""},"categories":[176],"tags":[27,30,60,3],"class_list":["post-855","post","type-post","status-publish","format-standard","has-post-thumbnail","hentry","category-indien","tag-asien","tag-diskriminierung-intoleranz","tag-hinduismus","tag-indien"],"_links":{"self":[{"href":"https:\/\/www.kircheinnot.at\/christenverfolgung\/wp-json\/wp\/v2\/posts\/855","targetHints":{"allow":["GET"]}}],"collection":[{"href":"https:\/\/www.kircheinnot.at\/christenverfolgung\/wp-json\/wp\/v2\/posts"}],"about":[{"href":"https:\/\/www.kircheinnot.at\/christenverfolgung\/wp-json\/wp\/v2\/types\/post"}],"author":[{"embeddable":true,"href":"https:\/\/www.kircheinnot.at\/christenverfolgung\/wp-json\/wp\/v2\/users\/1"}],"replies":[{"embeddable":true,"href":"https:\/\/www.kircheinnot.at\/christenverfolgung\/wp-json\/wp\/v2\/comments?post=855"}],"version-history":[{"count":1,"href":"https:\/\/www.kircheinnot.at\/christenverfolgung\/wp-json\/wp\/v2\/posts\/855\/revisions"}],"predecessor-version":[{"id":3499,"href":"https:\/\/www.kircheinnot.at\/christenverfolgung\/wp-json\/wp\/v2\/posts\/855\/revisions\/3499"}],"wp:featuredmedia":[{"embeddable":true,"href":"https:\/\/www.kircheinnot.at\/christenverfolgung\/wp-json\/wp\/v2\/media\/854"}],"wp:attachment":[{"href":"https:\/\/www.kircheinnot.at\/christenverfolgung\/wp-json\/wp\/v2\/media?parent=855"}],"wp:term":[{"taxonomy":"category","embeddable":true,"href":"https:\/\/www.kircheinnot.at\/christenverfolgung\/wp-json\/wp\/v2\/categories?post=855"},{"taxonomy":"post_tag","embeddable":true,"href":"https:\/\/www.kircheinnot.at\/christenverfolgung\/wp-json\/wp\/v2\/tags?post=855"}],"curies":[{"name":"wp","href":"https:\/\/api.w.org\/{rel}","templated":true}]}}