{"id":9,"date":"2012-10-15T10:45:23","date_gmt":"2012-10-15T08:45:23","guid":{"rendered":"http:\/\/localhost\/christenverfolgung\/fanatische-muslime-drohen-rimsha-html\/"},"modified":"2023-02-17T12:48:38","modified_gmt":"2023-02-17T11:48:38","slug":"fanatische-muslime-drohen-rimsha-html","status":"publish","type":"post","link":"https:\/\/www.kircheinnot.at\/christenverfolgung\/fanatische-muslime-drohen-rimsha-html\/","title":{"rendered":"Fanatische Muslime drohen Rimsha"},"content":{"rendered":"<p>Rimsha Masih, ein vierzehnj\u00e4hriges behindertes M\u00e4dchen, wurde wegen einer Blasphemieanklage festgenommen, weil sie angeblich Seiten des Korans verbrannt haben soll. Der Polizei zufolge gibt es kaum Beweise , die darauf schlie\u00dfen lassen, dass das M\u00e4dchen \u00fcberhaupt in Besitz islamischer Texte war, geschweige denn diese verbrannte. Dennoch versammelte sich ein Mob von Extremisten und verlangte sie lebendig zu verbrennen. Es ist schockierend sich hunderte von Menschen vorzustellen, die lautstark den grausamen Tod eines 14j\u00e4hrigen M\u00e4dchens fordern. Bis zu 1000 Extremisten nutzten den Tag nach Rimshas Verhaftung, um  Christen in der Nachbarschaft anzugreifen, setzten dabei mehrere H\u00e4user in Brand und verletzten Rimshas Familie. Hunderte Christen sind seitdem aus ihren H\u00e4usern geflohen weil sie um ihr Leben f\u00fcrchten. <\/p>\n<p>Auch nach der Freilassung der 14j\u00e4hrigen pakistanischen Christin wird diese weiter von fanatischen Muslimen bedroht. Am 7. September ordnete ein Gericht in der Hauptstadt Islamabad an, dass Rimsha Masih aus der Untersuchungshaft gegen eine Kaution von rund \u20ac 8.000 entlassen werden soll.<\/p>\n<p>Diese Vorf\u00e4lle zeigen eine sehr dunkle Seite dieses Landes. Ein Grund daf\u00fcr ist das oft missbrauchte Blasphemiegesetz, wie auch im Fall von Asia Noreen Bibi.<\/p>\n","protected":false},"excerpt":{"rendered":"<p>Rimsha Masih, ein vierzehnj\u00e4hriges behindertes M\u00e4dchen, wurde wegen einer Blasphemieanklage festgenommen, weil sie angeblich Seiten des Korans verbrannt haben soll. Der Polizei zufolge gibt es kaum Beweise , die darauf schlie\u00dfen lassen, dass das M\u00e4dchen \u00fcberhaupt in Besitz islamischer Texte war, geschweige denn diese verbrannte. Dennoch versammelte sich ein Mob von Extremisten und verlangte sie [&hellip;]<\/p>\n","protected":false},"author":1,"featured_media":8,"comment_status":"closed","ping_status":"open","sticky":false,"template":"","format":"standard","meta":{"footnotes":""},"categories":[174],"tags":[27,10,4,5,9],"class_list":["post-9","post","type-post","status-publish","format-standard","has-post-thumbnail","hentry","category-pakistan","tag-asien","tag-blasphemiegesetz","tag-christenverfolgung","tag-kirche-in-not","tag-pakistan"],"_links":{"self":[{"href":"https:\/\/www.kircheinnot.at\/christenverfolgung\/wp-json\/wp\/v2\/posts\/9","targetHints":{"allow":["GET"]}}],"collection":[{"href":"https:\/\/www.kircheinnot.at\/christenverfolgung\/wp-json\/wp\/v2\/posts"}],"about":[{"href":"https:\/\/www.kircheinnot.at\/christenverfolgung\/wp-json\/wp\/v2\/types\/post"}],"author":[{"embeddable":true,"href":"https:\/\/www.kircheinnot.at\/christenverfolgung\/wp-json\/wp\/v2\/users\/1"}],"replies":[{"embeddable":true,"href":"https:\/\/www.kircheinnot.at\/christenverfolgung\/wp-json\/wp\/v2\/comments?post=9"}],"version-history":[{"count":1,"href":"https:\/\/www.kircheinnot.at\/christenverfolgung\/wp-json\/wp\/v2\/posts\/9\/revisions"}],"predecessor-version":[{"id":3923,"href":"https:\/\/www.kircheinnot.at\/christenverfolgung\/wp-json\/wp\/v2\/posts\/9\/revisions\/3923"}],"wp:featuredmedia":[{"embeddable":true,"href":"https:\/\/www.kircheinnot.at\/christenverfolgung\/wp-json\/wp\/v2\/media\/8"}],"wp:attachment":[{"href":"https:\/\/www.kircheinnot.at\/christenverfolgung\/wp-json\/wp\/v2\/media?parent=9"}],"wp:term":[{"taxonomy":"category","embeddable":true,"href":"https:\/\/www.kircheinnot.at\/christenverfolgung\/wp-json\/wp\/v2\/categories?post=9"},{"taxonomy":"post_tag","embeddable":true,"href":"https:\/\/www.kircheinnot.at\/christenverfolgung\/wp-json\/wp\/v2\/tags?post=9"}],"curies":[{"name":"wp","href":"https:\/\/api.w.org\/{rel}","templated":true}]}}