{"id":931,"date":"2016-01-19T10:09:41","date_gmt":"2016-01-19T09:09:41","guid":{"rendered":"http:\/\/localhost\/christenverfolgung\/vandalen-verwuesten-pforte-und-mauern-html\/"},"modified":"2023-02-23T12:22:13","modified_gmt":"2023-02-23T11:22:13","slug":"vandalen-verwuesten-pforte-und-mauern-html","status":"publish","type":"post","link":"https:\/\/www.kircheinnot.at\/christenverfolgung\/vandalen-verwuesten-pforte-und-mauern-html\/","title":{"rendered":"Vandalen verw\u00fcsten Pforte und Mauern"},"content":{"rendered":"<p>Mit antichristlichen Schriften verw\u00fcsteten Vandalen die Pforte und die Mauern der Dormitio-Kirche auf dem Berg Zion. Der erneute \u00dcbergriff auf das Benediktinerkloster wurde am 17. Januar ver\u00fcbt, w\u00e4hrend Papst Franziskus am selben Tag die j\u00fcdische Gemeinde Roms in der Synagoge besuchte. Wie das lateinische Patriarch Jerusalem mitteilt lauten die Schriftz\u00fcge unter anderen: \u201cTod allen heidnischen Christen, den Feinden Israels\u201d, \u201cSein Name (Jesus) und sein Gedenken m\u00fcssen ausgel\u00f6scht werden\u201c oder \u201eChristen zur H\u00f6lle\u201c. <\/p>\n<p> Erst vor drei Wochen war das Kloster der Salesianer von Don Bosco in Beit Gemal gesch\u00e4ndet worden. Seit Februar 2012 kommt es immer wieder zu solchen Einsch\u00fcchterungsversuchen. Dabei wurden verschiedene Kirchen und Moscheen, die von Arabern Besucht werden, von extremistischen Gruppen verw\u00fcstet. &nbsp;Das lateinische Patriarchat Jerusalem verurteilt die j\u00fcngste Tat und erinnert daran, dass \u201cdie einzige Art und Weise, solchen Handlungen vorzubeugen, die Kontrolle der Bildung in den Schulen ist, wo solche jungen Menschen ausgebildet werden, und die Beobachtung derer, die zu Intoleranz gegen Christen aufrufen\u201c. Das Patriarchat w\u00fcnscht sich, dass \u201cdie Verantwortlichen verhaftet werden, bevor sie ihre Drohungen wahr machen\u201d. (Quelle: Fides, Bild: Wikipedia)<\/p>\n","protected":false},"excerpt":{"rendered":"<p>Mit antichristlichen Schriften verw\u00fcsteten Vandalen die Pforte und die Mauern der Dormitio-Kirche auf dem Berg Zion. Der erneute \u00dcbergriff auf das Benediktinerkloster wurde am 17. Januar ver\u00fcbt, w\u00e4hrend Papst Franziskus am selben Tag die j\u00fcdische Gemeinde Roms in der Synagoge besuchte. Wie das lateinische Patriarch Jerusalem mitteilt lauten die Schriftz\u00fcge unter anderen: \u201cTod allen heidnischen [&hellip;]<\/p>\n","protected":false},"author":1,"featured_media":930,"comment_status":"closed","ping_status":"open","sticky":false,"template":"","format":"standard","meta":{"footnotes":""},"categories":[230],"tags":[18,39,73,87],"class_list":["post-931","post","type-post","status-publish","format-standard","has-post-thumbnail","hentry","category-israel","tag-israel","tag-naher-osten","tag-schandung","tag-vandalismus"],"_links":{"self":[{"href":"https:\/\/www.kircheinnot.at\/christenverfolgung\/wp-json\/wp\/v2\/posts\/931","targetHints":{"allow":["GET"]}}],"collection":[{"href":"https:\/\/www.kircheinnot.at\/christenverfolgung\/wp-json\/wp\/v2\/posts"}],"about":[{"href":"https:\/\/www.kircheinnot.at\/christenverfolgung\/wp-json\/wp\/v2\/types\/post"}],"author":[{"embeddable":true,"href":"https:\/\/www.kircheinnot.at\/christenverfolgung\/wp-json\/wp\/v2\/users\/1"}],"replies":[{"embeddable":true,"href":"https:\/\/www.kircheinnot.at\/christenverfolgung\/wp-json\/wp\/v2\/comments?post=931"}],"version-history":[{"count":1,"href":"https:\/\/www.kircheinnot.at\/christenverfolgung\/wp-json\/wp\/v2\/posts\/931\/revisions"}],"predecessor-version":[{"id":3461,"href":"https:\/\/www.kircheinnot.at\/christenverfolgung\/wp-json\/wp\/v2\/posts\/931\/revisions\/3461"}],"wp:featuredmedia":[{"embeddable":true,"href":"https:\/\/www.kircheinnot.at\/christenverfolgung\/wp-json\/wp\/v2\/media\/930"}],"wp:attachment":[{"href":"https:\/\/www.kircheinnot.at\/christenverfolgung\/wp-json\/wp\/v2\/media?parent=931"}],"wp:term":[{"taxonomy":"category","embeddable":true,"href":"https:\/\/www.kircheinnot.at\/christenverfolgung\/wp-json\/wp\/v2\/categories?post=931"},{"taxonomy":"post_tag","embeddable":true,"href":"https:\/\/www.kircheinnot.at\/christenverfolgung\/wp-json\/wp\/v2\/tags?post=931"}],"curies":[{"name":"wp","href":"https:\/\/api.w.org\/{rel}","templated":true}]}}